{"id":53922,"date":"2024-04-26T19:20:50","date_gmt":"2024-04-26T22:20:50","guid":{"rendered":"https:\/\/concertacaoamazonia.com.br\/?p=53922"},"modified":"2024-04-26T19:20:52","modified_gmt":"2024-04-26T22:20:52","slug":"cop29-quer-aumentar-fundos-para-ajudar-paises-mais-pobres-a-combater-aquecimento-global","status":"publish","type":"post","link":"https:\/\/concertacaoamazonia.com.br\/en\/2024\/04\/26\/cop29-quer-aumentar-fundos-para-ajudar-paises-mais-pobres-a-combater-aquecimento-global\/","title":{"rendered":"COP29 quer aumentar fundos para ajudar pa\u00edses mais pobres a combater aquecimento global"},"content":{"rendered":"\n<p>Ministra dos Neg\u00f3cios Estrangeiros da Alemanha, Annalena Baerbock, diz que os pa\u00edses em desenvolvimento precisariam de U$ 2 bilh\u00f5es anualmente, dos quais metade de fontes estrangeiras<\/p>\n\n\n\n<p><\/p>\n","protected":false},"excerpt":{"rendered":"<p>Ministra dos Neg\u00f3cios Estrangeiros da Alemanha, Annalena Baerbock, diz que os pa\u00edses em desenvolvimento precisariam de U$ 2 bilh\u00f5es anualmente, dos quais metade de fontes estrangeiras<\/p>\n","protected":false},"author":226,"featured_media":53923,"comment_status":"closed","ping_status":"closed","sticky":false,"template":"","format":"standard","meta":{"footnotes":""},"categories":[28],"tags":[],"veiculo":[1873],"ano":[2075],"eixos":[],"class_list":["post-53922","post","type-post","status-publish","format-standard","has-post-thumbnail","hentry","category-artigo-externo","veiculo-valor-economico-en-2"],"_links":{"self":[{"href":"https:\/\/concertacaoamazonia.com.br\/en\/wp-json\/wp\/v2\/posts\/53922","targetHints":{"allow":["GET"]}}],"collection":[{"href":"https:\/\/concertacaoamazonia.com.br\/en\/wp-json\/wp\/v2\/posts"}],"about":[{"href":"https:\/\/concertacaoamazonia.com.br\/en\/wp-json\/wp\/v2\/types\/post"}],"author":[{"embeddable":true,"href":"https:\/\/concertacaoamazonia.com.br\/en\/wp-json\/wp\/v2\/users\/226"}],"replies":[{"embeddable":true,"href":"https:\/\/concertacaoamazonia.com.br\/en\/wp-json\/wp\/v2\/comments?post=53922"}],"version-history":[{"count":0,"href":"https:\/\/concertacaoamazonia.com.br\/en\/wp-json\/wp\/v2\/posts\/53922\/revisions"}],"wp:featuredmedia":[{"embeddable":true,"href":"https:\/\/concertacaoamazonia.com.br\/en\/wp-json\/wp\/v2\/media\/53923"}],"wp:attachment":[{"href":"https:\/\/concertacaoamazonia.com.br\/en\/wp-json\/wp\/v2\/media?parent=53922"}],"wp:term":[{"taxonomy":"category","embeddable":true,"href":"https:\/\/concertacaoamazonia.com.br\/en\/wp-json\/wp\/v2\/categories?post=53922"},{"taxonomy":"post_tag","embeddable":true,"href":"https:\/\/concertacaoamazonia.com.br\/en\/wp-json\/wp\/v2\/tags?post=53922"},{"taxonomy":"veiculo","embeddable":true,"href":"https:\/\/concertacaoamazonia.com.br\/en\/wp-json\/wp\/v2\/veiculo?post=53922"},{"taxonomy":"ano","embeddable":true,"href":"https:\/\/concertacaoamazonia.com.br\/en\/wp-json\/wp\/v2\/ano?post=53922"},{"taxonomy":"eixos","embeddable":true,"href":"https:\/\/concertacaoamazonia.com.br\/en\/wp-json\/wp\/v2\/eixos?post=53922"}],"curies":[{"name":"wp","href":"https:\/\/api.w.org\/{rel}","templated":true}]}}