{"id":53902,"date":"2024-04-26T19:08:15","date_gmt":"2024-04-26T22:08:15","guid":{"rendered":"https:\/\/concertacaoamazonia.com.br\/?p=53902"},"modified":"2024-04-26T19:08:18","modified_gmt":"2024-04-26T22:08:18","slug":"faccoes-avancam-na-amazonia-e-cativam-jovens-para-embate-com-narcotrafico-diz-estudo","status":"publish","type":"post","link":"https:\/\/concertacaoamazonia.com.br\/en\/2024\/04\/26\/faccoes-avancam-na-amazonia-e-cativam-jovens-para-embate-com-narcotrafico-diz-estudo\/","title":{"rendered":"Fac\u00e7\u00f5es avan\u00e7am na Amaz\u00f4nia e cativam jovens para embate com narcotr\u00e1fico, diz estudo"},"content":{"rendered":"\n<p>Estudo mostra que os principais alvos de processos ambientais s\u00e3o pessoas f\u00edsicas, depois empresas e gestores p\u00fablicos<\/p>\n","protected":false},"excerpt":{"rendered":"<p>Estudo mostra que os principais alvos de processos ambientais s\u00e3o pessoas f\u00edsicas, depois empresas e gestores p\u00fablicos<\/p>\n","protected":false},"author":226,"featured_media":53903,"comment_status":"closed","ping_status":"closed","sticky":false,"template":"","format":"standard","meta":{"footnotes":""},"categories":[28],"tags":[],"veiculo":[2099],"ano":[2075],"eixos":[],"class_list":["post-53902","post","type-post","status-publish","format-standard","has-post-thumbnail","hentry","category-artigo-externo","veiculo-o-dia"],"_links":{"self":[{"href":"https:\/\/concertacaoamazonia.com.br\/en\/wp-json\/wp\/v2\/posts\/53902","targetHints":{"allow":["GET"]}}],"collection":[{"href":"https:\/\/concertacaoamazonia.com.br\/en\/wp-json\/wp\/v2\/posts"}],"about":[{"href":"https:\/\/concertacaoamazonia.com.br\/en\/wp-json\/wp\/v2\/types\/post"}],"author":[{"embeddable":true,"href":"https:\/\/concertacaoamazonia.com.br\/en\/wp-json\/wp\/v2\/users\/226"}],"replies":[{"embeddable":true,"href":"https:\/\/concertacaoamazonia.com.br\/en\/wp-json\/wp\/v2\/comments?post=53902"}],"version-history":[{"count":0,"href":"https:\/\/concertacaoamazonia.com.br\/en\/wp-json\/wp\/v2\/posts\/53902\/revisions"}],"wp:featuredmedia":[{"embeddable":true,"href":"https:\/\/concertacaoamazonia.com.br\/en\/wp-json\/wp\/v2\/media\/53903"}],"wp:attachment":[{"href":"https:\/\/concertacaoamazonia.com.br\/en\/wp-json\/wp\/v2\/media?parent=53902"}],"wp:term":[{"taxonomy":"category","embeddable":true,"href":"https:\/\/concertacaoamazonia.com.br\/en\/wp-json\/wp\/v2\/categories?post=53902"},{"taxonomy":"post_tag","embeddable":true,"href":"https:\/\/concertacaoamazonia.com.br\/en\/wp-json\/wp\/v2\/tags?post=53902"},{"taxonomy":"veiculo","embeddable":true,"href":"https:\/\/concertacaoamazonia.com.br\/en\/wp-json\/wp\/v2\/veiculo?post=53902"},{"taxonomy":"ano","embeddable":true,"href":"https:\/\/concertacaoamazonia.com.br\/en\/wp-json\/wp\/v2\/ano?post=53902"},{"taxonomy":"eixos","embeddable":true,"href":"https:\/\/concertacaoamazonia.com.br\/en\/wp-json\/wp\/v2\/eixos?post=53902"}],"curies":[{"name":"wp","href":"https:\/\/api.w.org\/{rel}","templated":true}]}}