{"id":53670,"date":"2024-04-25T15:00:50","date_gmt":"2024-04-25T18:00:50","guid":{"rendered":"https:\/\/concertacaoamazonia.com.br\/?p=53670"},"modified":"2024-04-25T15:00:52","modified_gmt":"2024-04-25T18:00:52","slug":"indigenas-criticam-suspensao-de-acoes-contra-o-marco-temporal","status":"publish","type":"post","link":"https:\/\/concertacaoamazonia.com.br\/en\/2024\/04\/25\/indigenas-criticam-suspensao-de-acoes-contra-o-marco-temporal\/","title":{"rendered":"Ind\u00edgenas criticam suspens\u00e3o de a\u00e7\u00f5es contra o Marco Temporal"},"content":{"rendered":"\n<p>Medida foi determinada pelo ministro do STF Gilmar Mendes<\/p>\n","protected":false},"excerpt":{"rendered":"<p>Lideran\u00e7as ind\u00edgenas criticaram a decis\u00e3o do ministro Gilmar Mendes, do Supremo Tribunal Federal (STF), que determinou a instaura\u00e7\u00e3o de um processo de concilia\u00e7\u00e3o no conjunto das a\u00e7\u00f5es judiciais que questionam a constitucionalidade do Marco Temporal, tese jur\u00eddica segundo a qual os ind\u00edgenas s\u00f3 t\u00eam direito aos territ\u00f3rios que ocupavam em outubro de 1988, quando a Constitui\u00e7\u00e3o Federal foi promulgada.<\/p>\n","protected":false},"author":226,"featured_media":53671,"comment_status":"closed","ping_status":"closed","sticky":false,"template":"","format":"standard","meta":{"footnotes":""},"categories":[28],"tags":[],"veiculo":[1913],"ano":[2075],"eixos":[],"class_list":["post-53670","post","type-post","status-publish","format-standard","has-post-thumbnail","hentry","category-artigo-externo","veiculo-agencia-brasil"],"_links":{"self":[{"href":"https:\/\/concertacaoamazonia.com.br\/en\/wp-json\/wp\/v2\/posts\/53670","targetHints":{"allow":["GET"]}}],"collection":[{"href":"https:\/\/concertacaoamazonia.com.br\/en\/wp-json\/wp\/v2\/posts"}],"about":[{"href":"https:\/\/concertacaoamazonia.com.br\/en\/wp-json\/wp\/v2\/types\/post"}],"author":[{"embeddable":true,"href":"https:\/\/concertacaoamazonia.com.br\/en\/wp-json\/wp\/v2\/users\/226"}],"replies":[{"embeddable":true,"href":"https:\/\/concertacaoamazonia.com.br\/en\/wp-json\/wp\/v2\/comments?post=53670"}],"version-history":[{"count":0,"href":"https:\/\/concertacaoamazonia.com.br\/en\/wp-json\/wp\/v2\/posts\/53670\/revisions"}],"wp:featuredmedia":[{"embeddable":true,"href":"https:\/\/concertacaoamazonia.com.br\/en\/wp-json\/wp\/v2\/media\/53671"}],"wp:attachment":[{"href":"https:\/\/concertacaoamazonia.com.br\/en\/wp-json\/wp\/v2\/media?parent=53670"}],"wp:term":[{"taxonomy":"category","embeddable":true,"href":"https:\/\/concertacaoamazonia.com.br\/en\/wp-json\/wp\/v2\/categories?post=53670"},{"taxonomy":"post_tag","embeddable":true,"href":"https:\/\/concertacaoamazonia.com.br\/en\/wp-json\/wp\/v2\/tags?post=53670"},{"taxonomy":"veiculo","embeddable":true,"href":"https:\/\/concertacaoamazonia.com.br\/en\/wp-json\/wp\/v2\/veiculo?post=53670"},{"taxonomy":"ano","embeddable":true,"href":"https:\/\/concertacaoamazonia.com.br\/en\/wp-json\/wp\/v2\/ano?post=53670"},{"taxonomy":"eixos","embeddable":true,"href":"https:\/\/concertacaoamazonia.com.br\/en\/wp-json\/wp\/v2\/eixos?post=53670"}],"curies":[{"name":"wp","href":"https:\/\/api.w.org\/{rel}","templated":true}]}}