{"id":53663,"date":"2024-04-25T14:58:25","date_gmt":"2024-04-25T17:58:25","guid":{"rendered":"https:\/\/concertacaoamazonia.com.br\/?p=53663"},"modified":"2024-04-25T14:58:29","modified_gmt":"2024-04-25T17:58:29","slug":"no-maior-evento-indigena-do-pais-movimento-firma-sua-independencia-em-relacao-ao-governo","status":"publish","type":"post","link":"https:\/\/concertacaoamazonia.com.br\/en\/2024\/04\/25\/no-maior-evento-indigena-do-pais-movimento-firma-sua-independencia-em-relacao-ao-governo\/","title":{"rendered":"No maior evento ind\u00edgena do pa\u00eds, movimento firma sua independ\u00eancia em rela\u00e7\u00e3o ao governo"},"content":{"rendered":"\n<p>Lideran\u00e7as ind\u00edgenas aumentaram o volume contra Lula 3 e morosidade na demarca\u00e7\u00e3o das terras ind\u00edgenas<\/p>\n","protected":false},"excerpt":{"rendered":"<p>Lideran\u00e7as ind\u00edgenas aumentaram o volume contra Lula 3 e morosidade na demarca\u00e7\u00e3o das terras ind\u00edgenas<\/p>\n","protected":false},"author":226,"featured_media":53664,"comment_status":"closed","ping_status":"closed","sticky":false,"template":"","format":"standard","meta":{"footnotes":""},"categories":[28],"tags":[],"veiculo":[2096],"ano":[2075],"eixos":[],"class_list":["post-53663","post","type-post","status-publish","format-standard","has-post-thumbnail","hentry","category-artigo-externo","veiculo-apublica-org"],"_links":{"self":[{"href":"https:\/\/concertacaoamazonia.com.br\/en\/wp-json\/wp\/v2\/posts\/53663","targetHints":{"allow":["GET"]}}],"collection":[{"href":"https:\/\/concertacaoamazonia.com.br\/en\/wp-json\/wp\/v2\/posts"}],"about":[{"href":"https:\/\/concertacaoamazonia.com.br\/en\/wp-json\/wp\/v2\/types\/post"}],"author":[{"embeddable":true,"href":"https:\/\/concertacaoamazonia.com.br\/en\/wp-json\/wp\/v2\/users\/226"}],"replies":[{"embeddable":true,"href":"https:\/\/concertacaoamazonia.com.br\/en\/wp-json\/wp\/v2\/comments?post=53663"}],"version-history":[{"count":0,"href":"https:\/\/concertacaoamazonia.com.br\/en\/wp-json\/wp\/v2\/posts\/53663\/revisions"}],"wp:featuredmedia":[{"embeddable":true,"href":"https:\/\/concertacaoamazonia.com.br\/en\/wp-json\/wp\/v2\/media\/53664"}],"wp:attachment":[{"href":"https:\/\/concertacaoamazonia.com.br\/en\/wp-json\/wp\/v2\/media?parent=53663"}],"wp:term":[{"taxonomy":"category","embeddable":true,"href":"https:\/\/concertacaoamazonia.com.br\/en\/wp-json\/wp\/v2\/categories?post=53663"},{"taxonomy":"post_tag","embeddable":true,"href":"https:\/\/concertacaoamazonia.com.br\/en\/wp-json\/wp\/v2\/tags?post=53663"},{"taxonomy":"veiculo","embeddable":true,"href":"https:\/\/concertacaoamazonia.com.br\/en\/wp-json\/wp\/v2\/veiculo?post=53663"},{"taxonomy":"ano","embeddable":true,"href":"https:\/\/concertacaoamazonia.com.br\/en\/wp-json\/wp\/v2\/ano?post=53663"},{"taxonomy":"eixos","embeddable":true,"href":"https:\/\/concertacaoamazonia.com.br\/en\/wp-json\/wp\/v2\/eixos?post=53663"}],"curies":[{"name":"wp","href":"https:\/\/api.w.org\/{rel}","templated":true}]}}