{"id":53638,"date":"2024-04-25T14:49:39","date_gmt":"2024-04-25T17:49:39","guid":{"rendered":"https:\/\/concertacaoamazonia.com.br\/?p=53638"},"modified":"2024-04-25T14:49:42","modified_gmt":"2024-04-25T17:49:42","slug":"da-crise-de-imagem-a-alta-produtividade-como-a-pecuaria-pode-se-desenvolver-na-amazonia","status":"publish","type":"post","link":"https:\/\/concertacaoamazonia.com.br\/en\/2024\/04\/25\/da-crise-de-imagem-a-alta-produtividade-como-a-pecuaria-pode-se-desenvolver-na-amazonia\/","title":{"rendered":"Da crise de imagem \u00e0 alta produtividade, como a pecu\u00e1ria pode se desenvolver na Amaz\u00f4nia"},"content":{"rendered":"\n<p>Rastreabilidade e efici\u00eancia se complementam para garantir carne bovina livre de desmatamento<\/p>\n","protected":false},"excerpt":{"rendered":"<p>Rastreabilidade e efici\u00eancia se complementam para garantir carne bovina livre de desmatamento<\/p>\n","protected":false},"author":226,"featured_media":53642,"comment_status":"closed","ping_status":"closed","sticky":false,"template":"","format":"standard","meta":{"footnotes":""},"categories":[28],"tags":[],"veiculo":[732],"ano":[2075],"eixos":[],"class_list":["post-53638","post","type-post","status-publish","format-standard","has-post-thumbnail","hentry","category-artigo-externo","veiculo-um-so-planeta-globo"],"_links":{"self":[{"href":"https:\/\/concertacaoamazonia.com.br\/en\/wp-json\/wp\/v2\/posts\/53638","targetHints":{"allow":["GET"]}}],"collection":[{"href":"https:\/\/concertacaoamazonia.com.br\/en\/wp-json\/wp\/v2\/posts"}],"about":[{"href":"https:\/\/concertacaoamazonia.com.br\/en\/wp-json\/wp\/v2\/types\/post"}],"author":[{"embeddable":true,"href":"https:\/\/concertacaoamazonia.com.br\/en\/wp-json\/wp\/v2\/users\/226"}],"replies":[{"embeddable":true,"href":"https:\/\/concertacaoamazonia.com.br\/en\/wp-json\/wp\/v2\/comments?post=53638"}],"version-history":[{"count":0,"href":"https:\/\/concertacaoamazonia.com.br\/en\/wp-json\/wp\/v2\/posts\/53638\/revisions"}],"wp:featuredmedia":[{"embeddable":true,"href":"https:\/\/concertacaoamazonia.com.br\/en\/wp-json\/wp\/v2\/media\/53642"}],"wp:attachment":[{"href":"https:\/\/concertacaoamazonia.com.br\/en\/wp-json\/wp\/v2\/media?parent=53638"}],"wp:term":[{"taxonomy":"category","embeddable":true,"href":"https:\/\/concertacaoamazonia.com.br\/en\/wp-json\/wp\/v2\/categories?post=53638"},{"taxonomy":"post_tag","embeddable":true,"href":"https:\/\/concertacaoamazonia.com.br\/en\/wp-json\/wp\/v2\/tags?post=53638"},{"taxonomy":"veiculo","embeddable":true,"href":"https:\/\/concertacaoamazonia.com.br\/en\/wp-json\/wp\/v2\/veiculo?post=53638"},{"taxonomy":"ano","embeddable":true,"href":"https:\/\/concertacaoamazonia.com.br\/en\/wp-json\/wp\/v2\/ano?post=53638"},{"taxonomy":"eixos","embeddable":true,"href":"https:\/\/concertacaoamazonia.com.br\/en\/wp-json\/wp\/v2\/eixos?post=53638"}],"curies":[{"name":"wp","href":"https:\/\/api.w.org\/{rel}","templated":true}]}}