{"id":53361,"date":"2024-04-23T21:14:29","date_gmt":"2024-04-24T00:14:29","guid":{"rendered":"https:\/\/concertacaoamazonia.com.br\/?p=53361"},"modified":"2024-04-23T21:14:32","modified_gmt":"2024-04-24T00:14:32","slug":"bancos-de-fomento-ampliam-dinheiro-verde-para-financiamento-climatico","status":"publish","type":"post","link":"https:\/\/concertacaoamazonia.com.br\/en\/2024\/04\/23\/bancos-de-fomento-ampliam-dinheiro-verde-para-financiamento-climatico\/","title":{"rendered":"Bancos de fomento ampliam &#8216;dinheiro verde&#8217; para financiamento clim\u00e1tico"},"content":{"rendered":"\n<p>Os recursos p\u00fablicos e privados para financiar projetos de combate \u00e0s mudan\u00e7as clim\u00e1ticas mais que triplicaram na \u00faltima d\u00e9cada e as cifras anunciadas recentemente por institui\u00e7\u00f5es multilaterais, ag\u00eancias de fomento e bancos de desenvolvimento apontam para a continuidade do crescimento.<\/p>\n","protected":false},"excerpt":{"rendered":"<p>Os recursos p\u00fablicos e privados para financiar projetos de combate \u00e0s mudan\u00e7as clim\u00e1ticas mais que triplicaram na \u00faltima d\u00e9cada e as cifras anunciadas recentemente por institui\u00e7\u00f5es multilaterais, ag\u00eancias de fomento e bancos de desenvolvimento apontam para a continuidade do crescimento.<\/p>\n","protected":false},"author":226,"featured_media":53362,"comment_status":"closed","ping_status":"closed","sticky":false,"template":"","format":"standard","meta":{"footnotes":""},"categories":[28],"tags":[],"veiculo":[1873],"ano":[2075],"eixos":[],"class_list":["post-53361","post","type-post","status-publish","format-standard","has-post-thumbnail","hentry","category-artigo-externo","veiculo-valor-economico-en-2"],"_links":{"self":[{"href":"https:\/\/concertacaoamazonia.com.br\/en\/wp-json\/wp\/v2\/posts\/53361","targetHints":{"allow":["GET"]}}],"collection":[{"href":"https:\/\/concertacaoamazonia.com.br\/en\/wp-json\/wp\/v2\/posts"}],"about":[{"href":"https:\/\/concertacaoamazonia.com.br\/en\/wp-json\/wp\/v2\/types\/post"}],"author":[{"embeddable":true,"href":"https:\/\/concertacaoamazonia.com.br\/en\/wp-json\/wp\/v2\/users\/226"}],"replies":[{"embeddable":true,"href":"https:\/\/concertacaoamazonia.com.br\/en\/wp-json\/wp\/v2\/comments?post=53361"}],"version-history":[{"count":0,"href":"https:\/\/concertacaoamazonia.com.br\/en\/wp-json\/wp\/v2\/posts\/53361\/revisions"}],"wp:featuredmedia":[{"embeddable":true,"href":"https:\/\/concertacaoamazonia.com.br\/en\/wp-json\/wp\/v2\/media\/53362"}],"wp:attachment":[{"href":"https:\/\/concertacaoamazonia.com.br\/en\/wp-json\/wp\/v2\/media?parent=53361"}],"wp:term":[{"taxonomy":"category","embeddable":true,"href":"https:\/\/concertacaoamazonia.com.br\/en\/wp-json\/wp\/v2\/categories?post=53361"},{"taxonomy":"post_tag","embeddable":true,"href":"https:\/\/concertacaoamazonia.com.br\/en\/wp-json\/wp\/v2\/tags?post=53361"},{"taxonomy":"veiculo","embeddable":true,"href":"https:\/\/concertacaoamazonia.com.br\/en\/wp-json\/wp\/v2\/veiculo?post=53361"},{"taxonomy":"ano","embeddable":true,"href":"https:\/\/concertacaoamazonia.com.br\/en\/wp-json\/wp\/v2\/ano?post=53361"},{"taxonomy":"eixos","embeddable":true,"href":"https:\/\/concertacaoamazonia.com.br\/en\/wp-json\/wp\/v2\/eixos?post=53361"}],"curies":[{"name":"wp","href":"https:\/\/api.w.org\/{rel}","templated":true}]}}