{"id":53343,"date":"2024-04-23T21:05:51","date_gmt":"2024-04-24T00:05:51","guid":{"rendered":"https:\/\/concertacaoamazonia.com.br\/?p=53343"},"modified":"2024-04-23T21:05:54","modified_gmt":"2024-04-24T00:05:54","slug":"o-futuro-sustentavel-esta-na-amazonia-projetos-de-carbono-neutro-aumentam-produtividade-do-agronegocio-do-para","status":"publish","type":"post","link":"https:\/\/concertacaoamazonia.com.br\/en\/2024\/04\/23\/o-futuro-sustentavel-esta-na-amazonia-projetos-de-carbono-neutro-aumentam-produtividade-do-agronegocio-do-para\/","title":{"rendered":"\u2018O futuro sustent\u00e1vel est\u00e1 na Amaz\u00f4nia\u2019: projetos de carbono neutro aumentam produtividade do agroneg\u00f3cio do Par\u00e1"},"content":{"rendered":"\n<p>Projetos carbono neutro aumentam produtividade do agroneg\u00f3cio do Par\u00e1<\/p>\n\n\n\n<p>O debate sobre a crise clim\u00e1tica mobiliza na\u00e7\u00f5es do mundo todo. No centro do debate, a busca por solu\u00e7\u00f5es que equalizem o desenvolvimento econ\u00f4mico \u00e0 necessidade urgente de reduzir a emiss\u00e3o de gases respons\u00e1veis pelo efeito estufa.<\/p>\n","protected":false},"excerpt":{"rendered":"<p>Projetos carbono neutro aumentam produtividade do agroneg\u00f3cio do Par\u00e1<\/p>\n<p>O debate sobre a crise clim\u00e1tica mobiliza na\u00e7\u00f5es do mundo todo. No centro do debate, a busca por solu\u00e7\u00f5es que equalizem o desenvolvimento econ\u00f4mico \u00e0 necessidade urgente de reduzir a emiss\u00e3o de gases respons\u00e1veis pelo efeito estufa.<\/p>\n","protected":false},"author":226,"featured_media":53344,"comment_status":"closed","ping_status":"closed","sticky":false,"template":"","format":"standard","meta":{"footnotes":""},"categories":[28],"tags":[],"veiculo":[714],"ano":[2075],"eixos":[],"class_list":["post-53343","post","type-post","status-publish","format-standard","has-post-thumbnail","hentry","category-artigo-externo","veiculo-g1"],"_links":{"self":[{"href":"https:\/\/concertacaoamazonia.com.br\/en\/wp-json\/wp\/v2\/posts\/53343","targetHints":{"allow":["GET"]}}],"collection":[{"href":"https:\/\/concertacaoamazonia.com.br\/en\/wp-json\/wp\/v2\/posts"}],"about":[{"href":"https:\/\/concertacaoamazonia.com.br\/en\/wp-json\/wp\/v2\/types\/post"}],"author":[{"embeddable":true,"href":"https:\/\/concertacaoamazonia.com.br\/en\/wp-json\/wp\/v2\/users\/226"}],"replies":[{"embeddable":true,"href":"https:\/\/concertacaoamazonia.com.br\/en\/wp-json\/wp\/v2\/comments?post=53343"}],"version-history":[{"count":0,"href":"https:\/\/concertacaoamazonia.com.br\/en\/wp-json\/wp\/v2\/posts\/53343\/revisions"}],"wp:featuredmedia":[{"embeddable":true,"href":"https:\/\/concertacaoamazonia.com.br\/en\/wp-json\/wp\/v2\/media\/53344"}],"wp:attachment":[{"href":"https:\/\/concertacaoamazonia.com.br\/en\/wp-json\/wp\/v2\/media?parent=53343"}],"wp:term":[{"taxonomy":"category","embeddable":true,"href":"https:\/\/concertacaoamazonia.com.br\/en\/wp-json\/wp\/v2\/categories?post=53343"},{"taxonomy":"post_tag","embeddable":true,"href":"https:\/\/concertacaoamazonia.com.br\/en\/wp-json\/wp\/v2\/tags?post=53343"},{"taxonomy":"veiculo","embeddable":true,"href":"https:\/\/concertacaoamazonia.com.br\/en\/wp-json\/wp\/v2\/veiculo?post=53343"},{"taxonomy":"ano","embeddable":true,"href":"https:\/\/concertacaoamazonia.com.br\/en\/wp-json\/wp\/v2\/ano?post=53343"},{"taxonomy":"eixos","embeddable":true,"href":"https:\/\/concertacaoamazonia.com.br\/en\/wp-json\/wp\/v2\/eixos?post=53343"}],"curies":[{"name":"wp","href":"https:\/\/api.w.org\/{rel}","templated":true}]}}