{"id":53319,"date":"2024-04-23T20:53:56","date_gmt":"2024-04-23T23:53:56","guid":{"rendered":"https:\/\/concertacaoamazonia.com.br\/?p=53319"},"modified":"2024-04-23T20:53:58","modified_gmt":"2024-04-23T23:53:58","slug":"eventos-climaticos-extremos-podem-custar-us-26-bilhoes-ao-pais","status":"publish","type":"post","link":"https:\/\/concertacaoamazonia.com.br\/en\/2024\/04\/23\/eventos-climaticos-extremos-podem-custar-us-26-bilhoes-ao-pais\/","title":{"rendered":"Eventos clim\u00e1ticos extremos podem custar US$ 2,6 bilh\u00f5es ao pa\u00eds"},"content":{"rendered":"\n<p>As mudan\u00e7as clim\u00e1ticas j\u00e1 figuram entre os dez principais riscos aos neg\u00f3cios no mundo. No Brasil, j\u00e1 s\u00e3o consideradas o principal risco para a economia, segundo a pesquisa Allianz Risk Barometer 2024, realizada com 3.069 especialistas de 24 setores econ\u00f4micos em 92 pa\u00edses. A preocupa\u00e7\u00e3o galgou sete posi\u00e7\u00f5es em rela\u00e7\u00e3o ao levantamento de 2023, sinalizando que as empresas sentem o impacto de eventos clim\u00e1ticos extremos e seus efeitos na economia.<\/p>\n","protected":false},"excerpt":{"rendered":"<p>As mudan\u00e7as clim\u00e1ticas j\u00e1 figuram entre os dez principais riscos aos neg\u00f3cios no mundo. No Brasil, j\u00e1 s\u00e3o consideradas o principal risco para a economia, segundo a pesquisa Allianz Risk Barometer 2024, realizada com 3.069 especialistas de 24 setores econ\u00f4micos em 92 pa\u00edses. A preocupa\u00e7\u00e3o galgou sete posi\u00e7\u00f5es em rela\u00e7\u00e3o ao levantamento de 2023, sinalizando que as empresas sentem o impacto de eventos clim\u00e1ticos extremos e seus efeitos na economia.<\/p>\n","protected":false},"author":226,"featured_media":53320,"comment_status":"closed","ping_status":"closed","sticky":false,"template":"","format":"standard","meta":{"footnotes":""},"categories":[28],"tags":[],"veiculo":[1873],"ano":[2075],"eixos":[],"class_list":["post-53319","post","type-post","status-publish","format-standard","has-post-thumbnail","hentry","category-artigo-externo","veiculo-valor-economico-en-2"],"_links":{"self":[{"href":"https:\/\/concertacaoamazonia.com.br\/en\/wp-json\/wp\/v2\/posts\/53319","targetHints":{"allow":["GET"]}}],"collection":[{"href":"https:\/\/concertacaoamazonia.com.br\/en\/wp-json\/wp\/v2\/posts"}],"about":[{"href":"https:\/\/concertacaoamazonia.com.br\/en\/wp-json\/wp\/v2\/types\/post"}],"author":[{"embeddable":true,"href":"https:\/\/concertacaoamazonia.com.br\/en\/wp-json\/wp\/v2\/users\/226"}],"replies":[{"embeddable":true,"href":"https:\/\/concertacaoamazonia.com.br\/en\/wp-json\/wp\/v2\/comments?post=53319"}],"version-history":[{"count":0,"href":"https:\/\/concertacaoamazonia.com.br\/en\/wp-json\/wp\/v2\/posts\/53319\/revisions"}],"wp:featuredmedia":[{"embeddable":true,"href":"https:\/\/concertacaoamazonia.com.br\/en\/wp-json\/wp\/v2\/media\/53320"}],"wp:attachment":[{"href":"https:\/\/concertacaoamazonia.com.br\/en\/wp-json\/wp\/v2\/media?parent=53319"}],"wp:term":[{"taxonomy":"category","embeddable":true,"href":"https:\/\/concertacaoamazonia.com.br\/en\/wp-json\/wp\/v2\/categories?post=53319"},{"taxonomy":"post_tag","embeddable":true,"href":"https:\/\/concertacaoamazonia.com.br\/en\/wp-json\/wp\/v2\/tags?post=53319"},{"taxonomy":"veiculo","embeddable":true,"href":"https:\/\/concertacaoamazonia.com.br\/en\/wp-json\/wp\/v2\/veiculo?post=53319"},{"taxonomy":"ano","embeddable":true,"href":"https:\/\/concertacaoamazonia.com.br\/en\/wp-json\/wp\/v2\/ano?post=53319"},{"taxonomy":"eixos","embeddable":true,"href":"https:\/\/concertacaoamazonia.com.br\/en\/wp-json\/wp\/v2\/eixos?post=53319"}],"curies":[{"name":"wp","href":"https:\/\/api.w.org\/{rel}","templated":true}]}}