{"id":53022,"date":"2024-04-19T15:57:40","date_gmt":"2024-04-19T18:57:40","guid":{"rendered":"https:\/\/concertacaoamazonia.com.br\/?p=53022"},"modified":"2024-04-19T15:57:42","modified_gmt":"2024-04-19T18:57:42","slug":"desmatamento-cai-54-na-amazonia-e-cresce-23-no-cerrado-aponta-inpe","status":"publish","type":"post","link":"https:\/\/concertacaoamazonia.com.br\/en\/2024\/04\/19\/desmatamento-cai-54-na-amazonia-e-cresce-23-no-cerrado-aponta-inpe\/","title":{"rendered":"Desmatamento cai 54% na Amaz\u00f4nia e cresce 23% no Cerrado, aponta Inpe"},"content":{"rendered":"\n<p>Coaliz\u00e3o Brasil Clima, Florestas e Agricultura defende ado\u00e7\u00e3o de medidas urgentes nas regi\u00f5es; dados foram divulgados pelo Inpe nesta sexta-feira (12), com aumento no Cerrado<\/p>\n","protected":false},"excerpt":{"rendered":"<p>Coaliz\u00e3o Brasil Clima, Florestas e Agricultura defende ado\u00e7\u00e3o de medidas urgentes nas regi\u00f5es; dados foram divulgados pelo Inpe nesta sexta-feira (12), com aumento no Cerrado<\/p>\n","protected":false},"author":226,"featured_media":53023,"comment_status":"closed","ping_status":"closed","sticky":false,"template":"","format":"standard","meta":{"footnotes":""},"categories":[28],"tags":[],"veiculo":[2091],"ano":[2075],"eixos":[],"class_list":["post-53022","post","type-post","status-publish","format-standard","has-post-thumbnail","hentry","category-artigo-externo","veiculo-o-vale"],"_links":{"self":[{"href":"https:\/\/concertacaoamazonia.com.br\/en\/wp-json\/wp\/v2\/posts\/53022","targetHints":{"allow":["GET"]}}],"collection":[{"href":"https:\/\/concertacaoamazonia.com.br\/en\/wp-json\/wp\/v2\/posts"}],"about":[{"href":"https:\/\/concertacaoamazonia.com.br\/en\/wp-json\/wp\/v2\/types\/post"}],"author":[{"embeddable":true,"href":"https:\/\/concertacaoamazonia.com.br\/en\/wp-json\/wp\/v2\/users\/226"}],"replies":[{"embeddable":true,"href":"https:\/\/concertacaoamazonia.com.br\/en\/wp-json\/wp\/v2\/comments?post=53022"}],"version-history":[{"count":0,"href":"https:\/\/concertacaoamazonia.com.br\/en\/wp-json\/wp\/v2\/posts\/53022\/revisions"}],"wp:featuredmedia":[{"embeddable":true,"href":"https:\/\/concertacaoamazonia.com.br\/en\/wp-json\/wp\/v2\/media\/53023"}],"wp:attachment":[{"href":"https:\/\/concertacaoamazonia.com.br\/en\/wp-json\/wp\/v2\/media?parent=53022"}],"wp:term":[{"taxonomy":"category","embeddable":true,"href":"https:\/\/concertacaoamazonia.com.br\/en\/wp-json\/wp\/v2\/categories?post=53022"},{"taxonomy":"post_tag","embeddable":true,"href":"https:\/\/concertacaoamazonia.com.br\/en\/wp-json\/wp\/v2\/tags?post=53022"},{"taxonomy":"veiculo","embeddable":true,"href":"https:\/\/concertacaoamazonia.com.br\/en\/wp-json\/wp\/v2\/veiculo?post=53022"},{"taxonomy":"ano","embeddable":true,"href":"https:\/\/concertacaoamazonia.com.br\/en\/wp-json\/wp\/v2\/ano?post=53022"},{"taxonomy":"eixos","embeddable":true,"href":"https:\/\/concertacaoamazonia.com.br\/en\/wp-json\/wp\/v2\/eixos?post=53022"}],"curies":[{"name":"wp","href":"https:\/\/api.w.org\/{rel}","templated":true}]}}