{"id":52908,"date":"2024-04-18T17:42:54","date_gmt":"2024-04-18T20:42:54","guid":{"rendered":"https:\/\/concertacaoamazonia.com.br\/?p=52908"},"modified":"2024-04-18T17:42:57","modified_gmt":"2024-04-18T20:42:57","slug":"reduzir-riscos-para-escalar-economias-da-natureza-na-amazonia","status":"publish","type":"post","link":"https:\/\/concertacaoamazonia.com.br\/en\/2024\/04\/18\/reduzir-riscos-para-escalar-economias-da-natureza-na-amazonia\/","title":{"rendered":"Reduzir riscos para escalar economias da natureza na Amaz\u00f4nia"},"content":{"rendered":"\n<p>Os custos de fazer neg\u00f3cios na\u00a0<a href=\"https:\/\/www1.folha.uol.com.br\/folha-topicos\/amazonia\/\" target=\"_blank\" rel=\"noreferrer noopener\">Amaz\u00f4nia<\/a>\u00a0s\u00e3o consideravelmente mais elevados do que em outras regi\u00f5es. A regulariza\u00e7\u00e3o e ocupa\u00e7\u00e3o fundi\u00e1ria t\u00eam sido um desafio de longa data.\u00a0<a href=\"https:\/\/amazoniainloco.org\/\" target=\"_blank\" rel=\"noreferrer noopener\">Munic\u00edpios amaz\u00f4nicos<\/a>\u00a0tamb\u00e9m s\u00e3o muito afetados por crimes ambientais e pelo crime organizado em compara\u00e7\u00e3o a outras \u00e1reas.<\/p>\n","protected":false},"excerpt":{"rendered":"<p>Os custos de fazer neg\u00f3cios na\u00a0Amaz\u00f4nia\u00a0s\u00e3o consideravelmente mais elevados do que em outras regi\u00f5es. A regulariza\u00e7\u00e3o e ocupa\u00e7\u00e3o fundi\u00e1ria t\u00eam sido um desafio de longa data.\u00a0Munic\u00edpios amaz\u00f4nicos\u00a0tamb\u00e9m s\u00e3o muito afetados por crimes ambientais e pelo crime organizado em compara\u00e7\u00e3o a outras \u00e1reas.<\/p>\n","protected":false},"author":226,"featured_media":52915,"comment_status":"closed","ping_status":"closed","sticky":false,"template":"","format":"standard","meta":{"footnotes":""},"categories":[28],"tags":[],"veiculo":[1871],"ano":[2075],"eixos":[],"class_list":["post-52908","post","type-post","status-publish","format-standard","has-post-thumbnail","hentry","category-artigo-externo","veiculo-folha-de-sao-paulo-en-2"],"_links":{"self":[{"href":"https:\/\/concertacaoamazonia.com.br\/en\/wp-json\/wp\/v2\/posts\/52908","targetHints":{"allow":["GET"]}}],"collection":[{"href":"https:\/\/concertacaoamazonia.com.br\/en\/wp-json\/wp\/v2\/posts"}],"about":[{"href":"https:\/\/concertacaoamazonia.com.br\/en\/wp-json\/wp\/v2\/types\/post"}],"author":[{"embeddable":true,"href":"https:\/\/concertacaoamazonia.com.br\/en\/wp-json\/wp\/v2\/users\/226"}],"replies":[{"embeddable":true,"href":"https:\/\/concertacaoamazonia.com.br\/en\/wp-json\/wp\/v2\/comments?post=52908"}],"version-history":[{"count":0,"href":"https:\/\/concertacaoamazonia.com.br\/en\/wp-json\/wp\/v2\/posts\/52908\/revisions"}],"wp:featuredmedia":[{"embeddable":true,"href":"https:\/\/concertacaoamazonia.com.br\/en\/wp-json\/wp\/v2\/media\/52915"}],"wp:attachment":[{"href":"https:\/\/concertacaoamazonia.com.br\/en\/wp-json\/wp\/v2\/media?parent=52908"}],"wp:term":[{"taxonomy":"category","embeddable":true,"href":"https:\/\/concertacaoamazonia.com.br\/en\/wp-json\/wp\/v2\/categories?post=52908"},{"taxonomy":"post_tag","embeddable":true,"href":"https:\/\/concertacaoamazonia.com.br\/en\/wp-json\/wp\/v2\/tags?post=52908"},{"taxonomy":"veiculo","embeddable":true,"href":"https:\/\/concertacaoamazonia.com.br\/en\/wp-json\/wp\/v2\/veiculo?post=52908"},{"taxonomy":"ano","embeddable":true,"href":"https:\/\/concertacaoamazonia.com.br\/en\/wp-json\/wp\/v2\/ano?post=52908"},{"taxonomy":"eixos","embeddable":true,"href":"https:\/\/concertacaoamazonia.com.br\/en\/wp-json\/wp\/v2\/eixos?post=52908"}],"curies":[{"name":"wp","href":"https:\/\/api.w.org\/{rel}","templated":true}]}}