{"id":52897,"date":"2024-04-18T17:20:31","date_gmt":"2024-04-18T20:20:31","guid":{"rendered":"https:\/\/concertacaoamazonia.com.br\/?p=52897"},"modified":"2024-04-18T17:20:33","modified_gmt":"2024-04-18T20:20:33","slug":"crise-do-clima-pode-derrubar-renda-global-em-19-ate-2050-brasil-e-um-dos-mais-afetados","status":"publish","type":"post","link":"https:\/\/concertacaoamazonia.com.br\/en\/2024\/04\/18\/crise-do-clima-pode-derrubar-renda-global-em-19-ate-2050-brasil-e-um-dos-mais-afetados\/","title":{"rendered":"Crise do clima pode derrubar renda global em 19% at\u00e9 2050; Brasil \u00e9 um dos mais afetados"},"content":{"rendered":"\n<p>Um estudo que cruzou informa\u00e7\u00f5es sobre economia local em popula\u00e7\u00f5es do mundo todo com dados clim\u00e1ticos nos \u00faltimos 40 anos gerou uma simula\u00e7\u00e3o para os pr\u00f3ximos 25 anos para saber como cada canto do planeta vai reagir ao aquecimento global. Se nada for feito contra as emiss\u00f5es de CO2, a renda global deve cair 19%.<\/p>\n","protected":false},"excerpt":{"rendered":"<p>Um estudo que cruzou informa\u00e7\u00f5es sobre economia local em popula\u00e7\u00f5es do mundo todo com dados clim\u00e1ticos nos \u00faltimos 40 anos gerou uma simula\u00e7\u00e3o para os pr\u00f3ximos 25 anos para saber como cada canto do planeta vai reagir ao aquecimento global. Se nada for feito contra as emiss\u00f5es de CO2, a renda global deve cair 19%.<\/p>\n","protected":false},"author":226,"featured_media":52898,"comment_status":"closed","ping_status":"closed","sticky":false,"template":"","format":"standard","meta":{"footnotes":""},"categories":[28],"tags":[],"veiculo":[724],"ano":[2075],"eixos":[],"class_list":["post-52897","post","type-post","status-publish","format-standard","has-post-thumbnail","hentry","category-artigo-externo","veiculo-o-globo"],"_links":{"self":[{"href":"https:\/\/concertacaoamazonia.com.br\/en\/wp-json\/wp\/v2\/posts\/52897","targetHints":{"allow":["GET"]}}],"collection":[{"href":"https:\/\/concertacaoamazonia.com.br\/en\/wp-json\/wp\/v2\/posts"}],"about":[{"href":"https:\/\/concertacaoamazonia.com.br\/en\/wp-json\/wp\/v2\/types\/post"}],"author":[{"embeddable":true,"href":"https:\/\/concertacaoamazonia.com.br\/en\/wp-json\/wp\/v2\/users\/226"}],"replies":[{"embeddable":true,"href":"https:\/\/concertacaoamazonia.com.br\/en\/wp-json\/wp\/v2\/comments?post=52897"}],"version-history":[{"count":0,"href":"https:\/\/concertacaoamazonia.com.br\/en\/wp-json\/wp\/v2\/posts\/52897\/revisions"}],"wp:featuredmedia":[{"embeddable":true,"href":"https:\/\/concertacaoamazonia.com.br\/en\/wp-json\/wp\/v2\/media\/52898"}],"wp:attachment":[{"href":"https:\/\/concertacaoamazonia.com.br\/en\/wp-json\/wp\/v2\/media?parent=52897"}],"wp:term":[{"taxonomy":"category","embeddable":true,"href":"https:\/\/concertacaoamazonia.com.br\/en\/wp-json\/wp\/v2\/categories?post=52897"},{"taxonomy":"post_tag","embeddable":true,"href":"https:\/\/concertacaoamazonia.com.br\/en\/wp-json\/wp\/v2\/tags?post=52897"},{"taxonomy":"veiculo","embeddable":true,"href":"https:\/\/concertacaoamazonia.com.br\/en\/wp-json\/wp\/v2\/veiculo?post=52897"},{"taxonomy":"ano","embeddable":true,"href":"https:\/\/concertacaoamazonia.com.br\/en\/wp-json\/wp\/v2\/ano?post=52897"},{"taxonomy":"eixos","embeddable":true,"href":"https:\/\/concertacaoamazonia.com.br\/en\/wp-json\/wp\/v2\/eixos?post=52897"}],"curies":[{"name":"wp","href":"https:\/\/api.w.org\/{rel}","templated":true}]}}