{"id":52271,"date":"2024-04-12T17:56:05","date_gmt":"2024-04-12T20:56:05","guid":{"rendered":"https:\/\/concertacaoamazonia.com.br\/?p=52271"},"modified":"2024-04-12T17:56:07","modified_gmt":"2024-04-12T20:56:07","slug":"por-que-proposta-para-a-rodovia-br-319-no-coracao-da-amazonia-pode-aumentar-o-desmatamento","status":"publish","type":"post","link":"https:\/\/concertacaoamazonia.com.br\/en\/2024\/04\/12\/por-que-proposta-para-a-rodovia-br-319-no-coracao-da-amazonia-pode-aumentar-o-desmatamento\/","title":{"rendered":"Por que proposta para a rodovia BR-319, no cora\u00e7\u00e3o da Amaz\u00f4nia, pode aumentar o desmatamento?"},"content":{"rendered":"\n<p>O Minist\u00e9rio dos Transportes deve concluir at\u00e9 o fim deste m\u00eas a proposta para a pavimenta\u00e7\u00e3o da Rodovia&nbsp;<strong>BR-319<\/strong>, que corta a \u00e1rea mais bem preservada da&nbsp;<a href=\"https:\/\/www.estadao.com.br\/tudo-sobre\/floresta-amazonica\/\" target=\"_blank\" rel=\"noreferrer noopener\"><strong>Floresta Amaz\u00f4nica<\/strong><\/a>, ligando Porto Velho a&nbsp;<a href=\"https:\/\/www.estadao.com.br\/tudo-sobre\/manaus-am\/\" target=\"_blank\" rel=\"noreferrer noopener\"><strong>Manaus<\/strong><\/a>. Ambientalistas dizem que o asfaltamento da estrada pode aumentar a destrui\u00e7\u00e3o do bioma, impedindo o Pa\u00eds de cumprir a meta de desmatamento zero at\u00e9 2030, enquanto defensores do projeto ressaltam a import\u00e2ncia da liga\u00e7\u00e3o terrestre com um \u201cmodelo contempor\u00e2neo\u201d.<\/p>\n\n\n\n<ul class=\"wp-block-list\">\n<li><\/li>\n<\/ul>\n","protected":false},"excerpt":{"rendered":"<p>O Minist\u00e9rio dos Transportes deve concluir at\u00e9 o fim deste m\u00eas a proposta para a pavimenta\u00e7\u00e3o da Rodovia BR-319, que corta a \u00e1rea mais bem preservada da Floresta Amaz\u00f4nica, ligando Porto Velho a Manaus. Ambientalistas dizem que o asfaltamento da estrada pode aumentar a destrui\u00e7\u00e3o do bioma, impedindo o Pa\u00eds de cumprir a meta de desmatamento zero at\u00e9 2030, enquanto defensores do projeto ressaltam a import\u00e2ncia da liga\u00e7\u00e3o terrestre com um \u201cmodelo contempor\u00e2neo\u201d.<\/p>\n","protected":false},"author":226,"featured_media":6106,"comment_status":"closed","ping_status":"closed","sticky":false,"template":"","format":"standard","meta":{"footnotes":""},"categories":[28],"tags":[],"veiculo":[711],"ano":[2075],"eixos":[],"class_list":["post-52271","post","type-post","status-publish","format-standard","has-post-thumbnail","hentry","category-artigo-externo","veiculo-estadao"],"_links":{"self":[{"href":"https:\/\/concertacaoamazonia.com.br\/en\/wp-json\/wp\/v2\/posts\/52271","targetHints":{"allow":["GET"]}}],"collection":[{"href":"https:\/\/concertacaoamazonia.com.br\/en\/wp-json\/wp\/v2\/posts"}],"about":[{"href":"https:\/\/concertacaoamazonia.com.br\/en\/wp-json\/wp\/v2\/types\/post"}],"author":[{"embeddable":true,"href":"https:\/\/concertacaoamazonia.com.br\/en\/wp-json\/wp\/v2\/users\/226"}],"replies":[{"embeddable":true,"href":"https:\/\/concertacaoamazonia.com.br\/en\/wp-json\/wp\/v2\/comments?post=52271"}],"version-history":[{"count":0,"href":"https:\/\/concertacaoamazonia.com.br\/en\/wp-json\/wp\/v2\/posts\/52271\/revisions"}],"wp:featuredmedia":[{"embeddable":true,"href":"https:\/\/concertacaoamazonia.com.br\/en\/wp-json\/wp\/v2\/media\/6106"}],"wp:attachment":[{"href":"https:\/\/concertacaoamazonia.com.br\/en\/wp-json\/wp\/v2\/media?parent=52271"}],"wp:term":[{"taxonomy":"category","embeddable":true,"href":"https:\/\/concertacaoamazonia.com.br\/en\/wp-json\/wp\/v2\/categories?post=52271"},{"taxonomy":"post_tag","embeddable":true,"href":"https:\/\/concertacaoamazonia.com.br\/en\/wp-json\/wp\/v2\/tags?post=52271"},{"taxonomy":"veiculo","embeddable":true,"href":"https:\/\/concertacaoamazonia.com.br\/en\/wp-json\/wp\/v2\/veiculo?post=52271"},{"taxonomy":"ano","embeddable":true,"href":"https:\/\/concertacaoamazonia.com.br\/en\/wp-json\/wp\/v2\/ano?post=52271"},{"taxonomy":"eixos","embeddable":true,"href":"https:\/\/concertacaoamazonia.com.br\/en\/wp-json\/wp\/v2\/eixos?post=52271"}],"curies":[{"name":"wp","href":"https:\/\/api.w.org\/{rel}","templated":true}]}}