{"id":52263,"date":"2024-04-12T17:47:16","date_gmt":"2024-04-12T20:47:16","guid":{"rendered":"https:\/\/concertacaoamazonia.com.br\/?p=52263"},"modified":"2024-04-12T17:53:33","modified_gmt":"2024-04-12T20:53:33","slug":"pl-que-reduz-para-50-reserva-legal-na-amazonia-avanca-no-congresso","status":"publish","type":"post","link":"https:\/\/concertacaoamazonia.com.br\/en\/2024\/04\/12\/pl-que-reduz-para-50-reserva-legal-na-amazonia-avanca-no-congresso\/","title":{"rendered":"PL que reduz para 50% reserva legal na Amaz\u00f4nia avan\u00e7a no Congresso"},"content":{"rendered":"\n<p>Projeto estava na pauta da CCJ desta quarta-feira (10), mas pedido de vista adiou vota\u00e7\u00e3o. PL coloca 4 milh\u00f5es de hectares de floresta sob risco de desmatamento<\/p>\n","protected":false},"excerpt":{"rendered":"<p>Projeto estava na pauta da CCJ desta quarta-feira (10), mas pedido de vista adiou vota\u00e7\u00e3o. PL coloca 4 milh\u00f5es de hectares de floresta sob risco de desmatamento<\/p>\n","protected":false},"author":226,"featured_media":52268,"comment_status":"closed","ping_status":"closed","sticky":false,"template":"","format":"standard","meta":{"footnotes":""},"categories":[28],"tags":[],"veiculo":[2047],"ano":[2075],"eixos":[],"class_list":["post-52263","post","type-post","status-publish","format-standard","has-post-thumbnail","hentry","category-artigo-externo","veiculo-o-eco"],"_links":{"self":[{"href":"https:\/\/concertacaoamazonia.com.br\/en\/wp-json\/wp\/v2\/posts\/52263","targetHints":{"allow":["GET"]}}],"collection":[{"href":"https:\/\/concertacaoamazonia.com.br\/en\/wp-json\/wp\/v2\/posts"}],"about":[{"href":"https:\/\/concertacaoamazonia.com.br\/en\/wp-json\/wp\/v2\/types\/post"}],"author":[{"embeddable":true,"href":"https:\/\/concertacaoamazonia.com.br\/en\/wp-json\/wp\/v2\/users\/226"}],"replies":[{"embeddable":true,"href":"https:\/\/concertacaoamazonia.com.br\/en\/wp-json\/wp\/v2\/comments?post=52263"}],"version-history":[{"count":0,"href":"https:\/\/concertacaoamazonia.com.br\/en\/wp-json\/wp\/v2\/posts\/52263\/revisions"}],"wp:featuredmedia":[{"embeddable":true,"href":"https:\/\/concertacaoamazonia.com.br\/en\/wp-json\/wp\/v2\/media\/52268"}],"wp:attachment":[{"href":"https:\/\/concertacaoamazonia.com.br\/en\/wp-json\/wp\/v2\/media?parent=52263"}],"wp:term":[{"taxonomy":"category","embeddable":true,"href":"https:\/\/concertacaoamazonia.com.br\/en\/wp-json\/wp\/v2\/categories?post=52263"},{"taxonomy":"post_tag","embeddable":true,"href":"https:\/\/concertacaoamazonia.com.br\/en\/wp-json\/wp\/v2\/tags?post=52263"},{"taxonomy":"veiculo","embeddable":true,"href":"https:\/\/concertacaoamazonia.com.br\/en\/wp-json\/wp\/v2\/veiculo?post=52263"},{"taxonomy":"ano","embeddable":true,"href":"https:\/\/concertacaoamazonia.com.br\/en\/wp-json\/wp\/v2\/ano?post=52263"},{"taxonomy":"eixos","embeddable":true,"href":"https:\/\/concertacaoamazonia.com.br\/en\/wp-json\/wp\/v2\/eixos?post=52263"}],"curies":[{"name":"wp","href":"https:\/\/api.w.org\/{rel}","templated":true}]}}