{"id":52246,"date":"2024-04-11T10:41:24","date_gmt":"2024-04-11T13:41:24","guid":{"rendered":"https:\/\/concertacaoamazonia.com.br\/?p=52246"},"modified":"2024-04-11T10:41:26","modified_gmt":"2024-04-11T13:41:26","slug":"chefe-do-clima-na-onu-temos-dois-anos-para-salvar-o-planeta","status":"publish","type":"post","link":"https:\/\/concertacaoamazonia.com.br\/en\/2024\/04\/11\/chefe-do-clima-na-onu-temos-dois-anos-para-salvar-o-planeta\/","title":{"rendered":"Chefe do clima na ONU: \u201ctemos dois anos para salvar o planeta\u201d"},"content":{"rendered":"\n<p>Os governos, os l\u00edderes empresariais e os bancos de desenvolvimento t\u00eam dois anos para tomar medidas para evitar altera\u00e7\u00f5es clim\u00e1ticas muito piores, disse o chefe do clima da\u00a0<a href=\"https:\/\/www.cnnbrasil.com.br\/tudo-sobre\/organizacao-das-nacoes-unidas-onu\/\" target=\"_blank\" rel=\"noreferrer noopener\">ONU<\/a>\u00a0na quarta-feira (10), num discurso que alertou que o\u00a0<a href=\"https:\/\/www.cnnbrasil.com.br\/tecnologia\/estudo-com-esponjas-sugere-que-o-mundo-ultrapassou-limite-do-aquecimento-global\/\" target=\"_blank\" rel=\"noreferrer noopener\">aquecimento global<\/a>\u00a0est\u00e1 minando as agendas dos pol\u00edticos.<\/p>\n","protected":false},"excerpt":{"rendered":"<p>Os governos, os l\u00edderes empresariais e os bancos de desenvolvimento t\u00eam dois anos para tomar medidas para evitar altera\u00e7\u00f5es clim\u00e1ticas muito piores, disse o chefe do clima da\u00a0ONU\u00a0na quarta-feira (10), num discurso que alertou que o\u00a0aquecimento global\u00a0est\u00e1 minando as agendas dos pol\u00edticos.<\/p>\n","protected":false},"author":226,"featured_media":52247,"comment_status":"closed","ping_status":"closed","sticky":false,"template":"","format":"standard","meta":{"footnotes":""},"categories":[28],"tags":[],"veiculo":[1462],"ano":[2075],"eixos":[],"class_list":["post-52246","post","type-post","status-publish","format-standard","has-post-thumbnail","hentry","category-artigo-externo","veiculo-cnn-brasil"],"_links":{"self":[{"href":"https:\/\/concertacaoamazonia.com.br\/en\/wp-json\/wp\/v2\/posts\/52246","targetHints":{"allow":["GET"]}}],"collection":[{"href":"https:\/\/concertacaoamazonia.com.br\/en\/wp-json\/wp\/v2\/posts"}],"about":[{"href":"https:\/\/concertacaoamazonia.com.br\/en\/wp-json\/wp\/v2\/types\/post"}],"author":[{"embeddable":true,"href":"https:\/\/concertacaoamazonia.com.br\/en\/wp-json\/wp\/v2\/users\/226"}],"replies":[{"embeddable":true,"href":"https:\/\/concertacaoamazonia.com.br\/en\/wp-json\/wp\/v2\/comments?post=52246"}],"version-history":[{"count":0,"href":"https:\/\/concertacaoamazonia.com.br\/en\/wp-json\/wp\/v2\/posts\/52246\/revisions"}],"wp:featuredmedia":[{"embeddable":true,"href":"https:\/\/concertacaoamazonia.com.br\/en\/wp-json\/wp\/v2\/media\/52247"}],"wp:attachment":[{"href":"https:\/\/concertacaoamazonia.com.br\/en\/wp-json\/wp\/v2\/media?parent=52246"}],"wp:term":[{"taxonomy":"category","embeddable":true,"href":"https:\/\/concertacaoamazonia.com.br\/en\/wp-json\/wp\/v2\/categories?post=52246"},{"taxonomy":"post_tag","embeddable":true,"href":"https:\/\/concertacaoamazonia.com.br\/en\/wp-json\/wp\/v2\/tags?post=52246"},{"taxonomy":"veiculo","embeddable":true,"href":"https:\/\/concertacaoamazonia.com.br\/en\/wp-json\/wp\/v2\/veiculo?post=52246"},{"taxonomy":"ano","embeddable":true,"href":"https:\/\/concertacaoamazonia.com.br\/en\/wp-json\/wp\/v2\/ano?post=52246"},{"taxonomy":"eixos","embeddable":true,"href":"https:\/\/concertacaoamazonia.com.br\/en\/wp-json\/wp\/v2\/eixos?post=52246"}],"curies":[{"name":"wp","href":"https:\/\/api.w.org\/{rel}","templated":true}]}}