{"id":52192,"date":"2024-04-09T13:38:12","date_gmt":"2024-04-09T16:38:12","guid":{"rendered":"https:\/\/concertacaoamazonia.com.br\/?p=52192"},"modified":"2024-04-09T13:38:15","modified_gmt":"2024-04-09T16:38:15","slug":"amazonia-degradacao-afeta-area-tres-vezes-maior-que-desmatamento","status":"publish","type":"post","link":"https:\/\/concertacaoamazonia.com.br\/en\/2024\/04\/09\/amazonia-degradacao-afeta-area-tres-vezes-maior-que-desmatamento\/","title":{"rendered":"Amaz\u00f4nia: degrada\u00e7\u00e3o afeta \u00e1rea tr\u00eas vezes maior que desmatamento"},"content":{"rendered":"\n<p>Governo federal vem monitorando a situa\u00e7\u00e3o, diz secret\u00e1rio<\/p>\n","protected":false},"excerpt":{"rendered":"<p>Mesmo com a retomada de pol\u00edticas p\u00fablicas ambientais &#8211; que resultaram em sucessivas redu\u00e7\u00f5es de desmatamento na Amaz\u00f4nia &#8211; a degrada\u00e7\u00e3o avan\u00e7a e j\u00e1 acumula alertas para quase 163 mil quil\u00f4metros quadrados (km\u00b2) do mesmo bioma.<\/p>\n","protected":false},"author":226,"featured_media":52193,"comment_status":"closed","ping_status":"closed","sticky":false,"template":"","format":"standard","meta":{"footnotes":""},"categories":[28],"tags":[],"veiculo":[1913],"ano":[2075],"eixos":[],"class_list":["post-52192","post","type-post","status-publish","format-standard","has-post-thumbnail","hentry","category-artigo-externo","veiculo-agencia-brasil"],"_links":{"self":[{"href":"https:\/\/concertacaoamazonia.com.br\/en\/wp-json\/wp\/v2\/posts\/52192","targetHints":{"allow":["GET"]}}],"collection":[{"href":"https:\/\/concertacaoamazonia.com.br\/en\/wp-json\/wp\/v2\/posts"}],"about":[{"href":"https:\/\/concertacaoamazonia.com.br\/en\/wp-json\/wp\/v2\/types\/post"}],"author":[{"embeddable":true,"href":"https:\/\/concertacaoamazonia.com.br\/en\/wp-json\/wp\/v2\/users\/226"}],"replies":[{"embeddable":true,"href":"https:\/\/concertacaoamazonia.com.br\/en\/wp-json\/wp\/v2\/comments?post=52192"}],"version-history":[{"count":0,"href":"https:\/\/concertacaoamazonia.com.br\/en\/wp-json\/wp\/v2\/posts\/52192\/revisions"}],"wp:featuredmedia":[{"embeddable":true,"href":"https:\/\/concertacaoamazonia.com.br\/en\/wp-json\/wp\/v2\/media\/52193"}],"wp:attachment":[{"href":"https:\/\/concertacaoamazonia.com.br\/en\/wp-json\/wp\/v2\/media?parent=52192"}],"wp:term":[{"taxonomy":"category","embeddable":true,"href":"https:\/\/concertacaoamazonia.com.br\/en\/wp-json\/wp\/v2\/categories?post=52192"},{"taxonomy":"post_tag","embeddable":true,"href":"https:\/\/concertacaoamazonia.com.br\/en\/wp-json\/wp\/v2\/tags?post=52192"},{"taxonomy":"veiculo","embeddable":true,"href":"https:\/\/concertacaoamazonia.com.br\/en\/wp-json\/wp\/v2\/veiculo?post=52192"},{"taxonomy":"ano","embeddable":true,"href":"https:\/\/concertacaoamazonia.com.br\/en\/wp-json\/wp\/v2\/ano?post=52192"},{"taxonomy":"eixos","embeddable":true,"href":"https:\/\/concertacaoamazonia.com.br\/en\/wp-json\/wp\/v2\/eixos?post=52192"}],"curies":[{"name":"wp","href":"https:\/\/api.w.org\/{rel}","templated":true}]}}