{"id":52190,"date":"2024-04-09T13:35:07","date_gmt":"2024-04-09T16:35:07","guid":{"rendered":"https:\/\/concertacaoamazonia.com.br\/?p=52190"},"modified":"2024-04-09T13:35:10","modified_gmt":"2024-04-09T16:35:10","slug":"indigenas-dividem-rios-com-traficantes-e-invasores-em-viagem-de-peque-peque-por-assistencia","status":"publish","type":"post","link":"https:\/\/concertacaoamazonia.com.br\/en\/2024\/04\/09\/indigenas-dividem-rios-com-traficantes-e-invasores-em-viagem-de-peque-peque-por-assistencia\/","title":{"rendered":"Ind\u00edgenas dividem rios com traficantes e invasores em viagem de \u2018peque-peque\u2019 por assist\u00eancia"},"content":{"rendered":"\n<p>Povos do Vale do Javari, na Amaz\u00f4nia, percorrem rotas cobi\u00e7adas pelo crime organizado para buscar benef\u00edcios sociais e atendimento m\u00e9dico; espera por servi\u00e7os os deixa por meses vivendo dentro de canoas em condi\u00e7\u00e3o de mis\u00e9ria<\/p>\n","protected":false},"excerpt":{"rendered":"<p>Povos do Vale do Javari, na Amaz\u00f4nia, percorrem rotas cobi\u00e7adas pelo crime organizado para buscar benef\u00edcios sociais e atendimento m\u00e9dico; espera por servi\u00e7os os deixa por meses vivendo dentro de canoas em condi\u00e7\u00e3o de mis\u00e9ria<\/p>\n","protected":false},"author":226,"featured_media":6106,"comment_status":"closed","ping_status":"closed","sticky":false,"template":"","format":"standard","meta":{"footnotes":""},"categories":[28],"tags":[],"veiculo":[711],"ano":[2075],"eixos":[],"class_list":["post-52190","post","type-post","status-publish","format-standard","has-post-thumbnail","hentry","category-artigo-externo","veiculo-estadao"],"_links":{"self":[{"href":"https:\/\/concertacaoamazonia.com.br\/en\/wp-json\/wp\/v2\/posts\/52190","targetHints":{"allow":["GET"]}}],"collection":[{"href":"https:\/\/concertacaoamazonia.com.br\/en\/wp-json\/wp\/v2\/posts"}],"about":[{"href":"https:\/\/concertacaoamazonia.com.br\/en\/wp-json\/wp\/v2\/types\/post"}],"author":[{"embeddable":true,"href":"https:\/\/concertacaoamazonia.com.br\/en\/wp-json\/wp\/v2\/users\/226"}],"replies":[{"embeddable":true,"href":"https:\/\/concertacaoamazonia.com.br\/en\/wp-json\/wp\/v2\/comments?post=52190"}],"version-history":[{"count":0,"href":"https:\/\/concertacaoamazonia.com.br\/en\/wp-json\/wp\/v2\/posts\/52190\/revisions"}],"wp:featuredmedia":[{"embeddable":true,"href":"https:\/\/concertacaoamazonia.com.br\/en\/wp-json\/wp\/v2\/media\/6106"}],"wp:attachment":[{"href":"https:\/\/concertacaoamazonia.com.br\/en\/wp-json\/wp\/v2\/media?parent=52190"}],"wp:term":[{"taxonomy":"category","embeddable":true,"href":"https:\/\/concertacaoamazonia.com.br\/en\/wp-json\/wp\/v2\/categories?post=52190"},{"taxonomy":"post_tag","embeddable":true,"href":"https:\/\/concertacaoamazonia.com.br\/en\/wp-json\/wp\/v2\/tags?post=52190"},{"taxonomy":"veiculo","embeddable":true,"href":"https:\/\/concertacaoamazonia.com.br\/en\/wp-json\/wp\/v2\/veiculo?post=52190"},{"taxonomy":"ano","embeddable":true,"href":"https:\/\/concertacaoamazonia.com.br\/en\/wp-json\/wp\/v2\/ano?post=52190"},{"taxonomy":"eixos","embeddable":true,"href":"https:\/\/concertacaoamazonia.com.br\/en\/wp-json\/wp\/v2\/eixos?post=52190"}],"curies":[{"name":"wp","href":"https:\/\/api.w.org\/{rel}","templated":true}]}}