{"id":52181,"date":"2024-04-08T12:08:36","date_gmt":"2024-04-08T15:08:36","guid":{"rendered":"https:\/\/concertacaoamazonia.com.br\/?p=52181"},"modified":"2024-04-08T12:08:38","modified_gmt":"2024-04-08T15:08:38","slug":"desmatamento-na-amazonia-cai-42-no-primeiro-trimestre","status":"publish","type":"post","link":"https:\/\/concertacaoamazonia.com.br\/en\/2024\/04\/08\/desmatamento-na-amazonia-cai-42-no-primeiro-trimestre\/","title":{"rendered":"Desmatamento na amaz\u00f4nia cai 42% no primeiro trimestre"},"content":{"rendered":"\n<p>Os alertas de\u00a0<a href=\"https:\/\/www1.folha.uol.com.br\/folha-topicos\/desmatamento\/\" target=\"_blank\" rel=\"noreferrer noopener\">desmatamento<\/a>\u00a0na\u00a0<a href=\"https:\/\/www1.folha.uol.com.br\/folha-topicos\/amazonia\/\" target=\"_blank\" rel=\"noreferrer noopener\">amaz\u00f4nia<\/a>, que\u00a0<a href=\"https:\/\/www1.folha.uol.com.br\/ambiente\/2024\/03\/alertas-de-desmatamento-na-amazonia-caem-30-em-fevereiro.shtml\" target=\"_blank\" rel=\"noreferrer noopener\">v\u00eam caindo h\u00e1 meses<\/a>, tiveram redu\u00e7\u00e3o de 41,7% no primeiro trimestre de 2024, com perda de 491,8 km\u00b2 de vegeta\u00e7\u00e3o nativa, na compara\u00e7\u00e3o com 2023, quando a taxa foi de 844,6 km\u00b2.<\/p>\n","protected":false},"excerpt":{"rendered":"<p>Os alertas de\u00a0desmatamento\u00a0na\u00a0amaz\u00f4nia, que\u00a0v\u00eam caindo h\u00e1 meses, tiveram redu\u00e7\u00e3o de 41,7% no primeiro trimestre de 2024, com perda de 491,8 km\u00b2 de vegeta\u00e7\u00e3o nativa, na compara\u00e7\u00e3o com 2023, quando a taxa foi de 844,6 km\u00b2.<\/p>\n","protected":false},"author":226,"featured_media":52182,"comment_status":"closed","ping_status":"closed","sticky":false,"template":"","format":"standard","meta":{"footnotes":""},"categories":[28],"tags":[],"veiculo":[1871],"ano":[2075],"eixos":[],"class_list":["post-52181","post","type-post","status-publish","format-standard","has-post-thumbnail","hentry","category-artigo-externo","veiculo-folha-de-sao-paulo-en-2"],"_links":{"self":[{"href":"https:\/\/concertacaoamazonia.com.br\/en\/wp-json\/wp\/v2\/posts\/52181","targetHints":{"allow":["GET"]}}],"collection":[{"href":"https:\/\/concertacaoamazonia.com.br\/en\/wp-json\/wp\/v2\/posts"}],"about":[{"href":"https:\/\/concertacaoamazonia.com.br\/en\/wp-json\/wp\/v2\/types\/post"}],"author":[{"embeddable":true,"href":"https:\/\/concertacaoamazonia.com.br\/en\/wp-json\/wp\/v2\/users\/226"}],"replies":[{"embeddable":true,"href":"https:\/\/concertacaoamazonia.com.br\/en\/wp-json\/wp\/v2\/comments?post=52181"}],"version-history":[{"count":0,"href":"https:\/\/concertacaoamazonia.com.br\/en\/wp-json\/wp\/v2\/posts\/52181\/revisions"}],"wp:featuredmedia":[{"embeddable":true,"href":"https:\/\/concertacaoamazonia.com.br\/en\/wp-json\/wp\/v2\/media\/52182"}],"wp:attachment":[{"href":"https:\/\/concertacaoamazonia.com.br\/en\/wp-json\/wp\/v2\/media?parent=52181"}],"wp:term":[{"taxonomy":"category","embeddable":true,"href":"https:\/\/concertacaoamazonia.com.br\/en\/wp-json\/wp\/v2\/categories?post=52181"},{"taxonomy":"post_tag","embeddable":true,"href":"https:\/\/concertacaoamazonia.com.br\/en\/wp-json\/wp\/v2\/tags?post=52181"},{"taxonomy":"veiculo","embeddable":true,"href":"https:\/\/concertacaoamazonia.com.br\/en\/wp-json\/wp\/v2\/veiculo?post=52181"},{"taxonomy":"ano","embeddable":true,"href":"https:\/\/concertacaoamazonia.com.br\/en\/wp-json\/wp\/v2\/ano?post=52181"},{"taxonomy":"eixos","embeddable":true,"href":"https:\/\/concertacaoamazonia.com.br\/en\/wp-json\/wp\/v2\/eixos?post=52181"}],"curies":[{"name":"wp","href":"https:\/\/api.w.org\/{rel}","templated":true}]}}