{"id":52142,"date":"2024-04-05T08:57:54","date_gmt":"2024-04-05T11:57:54","guid":{"rendered":"https:\/\/concertacaoamazonia.com.br\/?p=52142"},"modified":"2024-04-05T08:57:56","modified_gmt":"2024-04-05T11:57:56","slug":"em-preparacao-para-cop30-para-registra-em-marco-queda-de-59-nos-alertas-de-desmatamento","status":"publish","type":"post","link":"https:\/\/concertacaoamazonia.com.br\/en\/2024\/04\/05\/em-preparacao-para-cop30-para-registra-em-marco-queda-de-59-nos-alertas-de-desmatamento\/","title":{"rendered":"Em prepara\u00e7\u00e3o para COP30, Par\u00e1 registra em mar\u00e7o queda de 59% nos alertas de desmatamento"},"content":{"rendered":"\n<p>O Par\u00e1 reduziu em 59% a \u00e1rea de alerta para desmatamentos em mar\u00e7o. O estado se prepara para receber a Confer\u00eancia das Na\u00e7\u00f5es Unidas sobre Mudan\u00e7as Clim\u00e1ticas em novembro de 2025.<\/p>\n","protected":false},"excerpt":{"rendered":"<p>O Par\u00e1 reduziu em 59% a \u00e1rea de alerta para desmatamentos em mar\u00e7o. O estado se prepara para receber a Confer\u00eancia das Na\u00e7\u00f5es Unidas sobre Mudan\u00e7as Clim\u00e1ticas em novembro de 2025.<\/p>\n","protected":false},"author":226,"featured_media":52143,"comment_status":"closed","ping_status":"closed","sticky":false,"template":"","format":"standard","meta":{"footnotes":""},"categories":[28],"tags":[],"veiculo":[1462],"ano":[2075],"eixos":[],"class_list":["post-52142","post","type-post","status-publish","format-standard","has-post-thumbnail","hentry","category-artigo-externo","veiculo-cnn-brasil"],"_links":{"self":[{"href":"https:\/\/concertacaoamazonia.com.br\/en\/wp-json\/wp\/v2\/posts\/52142","targetHints":{"allow":["GET"]}}],"collection":[{"href":"https:\/\/concertacaoamazonia.com.br\/en\/wp-json\/wp\/v2\/posts"}],"about":[{"href":"https:\/\/concertacaoamazonia.com.br\/en\/wp-json\/wp\/v2\/types\/post"}],"author":[{"embeddable":true,"href":"https:\/\/concertacaoamazonia.com.br\/en\/wp-json\/wp\/v2\/users\/226"}],"replies":[{"embeddable":true,"href":"https:\/\/concertacaoamazonia.com.br\/en\/wp-json\/wp\/v2\/comments?post=52142"}],"version-history":[{"count":0,"href":"https:\/\/concertacaoamazonia.com.br\/en\/wp-json\/wp\/v2\/posts\/52142\/revisions"}],"wp:featuredmedia":[{"embeddable":true,"href":"https:\/\/concertacaoamazonia.com.br\/en\/wp-json\/wp\/v2\/media\/52143"}],"wp:attachment":[{"href":"https:\/\/concertacaoamazonia.com.br\/en\/wp-json\/wp\/v2\/media?parent=52142"}],"wp:term":[{"taxonomy":"category","embeddable":true,"href":"https:\/\/concertacaoamazonia.com.br\/en\/wp-json\/wp\/v2\/categories?post=52142"},{"taxonomy":"post_tag","embeddable":true,"href":"https:\/\/concertacaoamazonia.com.br\/en\/wp-json\/wp\/v2\/tags?post=52142"},{"taxonomy":"veiculo","embeddable":true,"href":"https:\/\/concertacaoamazonia.com.br\/en\/wp-json\/wp\/v2\/veiculo?post=52142"},{"taxonomy":"ano","embeddable":true,"href":"https:\/\/concertacaoamazonia.com.br\/en\/wp-json\/wp\/v2\/ano?post=52142"},{"taxonomy":"eixos","embeddable":true,"href":"https:\/\/concertacaoamazonia.com.br\/en\/wp-json\/wp\/v2\/eixos?post=52142"}],"curies":[{"name":"wp","href":"https:\/\/api.w.org\/{rel}","templated":true}]}}