{"id":52138,"date":"2024-04-04T09:06:56","date_gmt":"2024-04-04T12:06:56","guid":{"rendered":"https:\/\/concertacaoamazonia.com.br\/?p=52138"},"modified":"2024-04-04T09:06:58","modified_gmt":"2024-04-04T12:06:58","slug":"ainda-nao-vi-plano-no-brasil-para-petroleo-bancar-transicao-energetica-diz-ana-toni","status":"publish","type":"post","link":"https:\/\/concertacaoamazonia.com.br\/en\/2024\/04\/04\/ainda-nao-vi-plano-no-brasil-para-petroleo-bancar-transicao-energetica-diz-ana-toni\/","title":{"rendered":"Ainda n\u00e3o vi plano no Brasil para petr\u00f3leo bancar transi\u00e7\u00e3o energ\u00e9tica, diz Ana Toni"},"content":{"rendered":"\n<p>A secret\u00e1ria de\u00a0<a href=\"https:\/\/www1.folha.uol.com.br\/folha-topicos\/mudanca-climatica\/\" target=\"_blank\" rel=\"noreferrer noopener\">Mudan\u00e7a do Clima<\/a>\u00a0do Minist\u00e9rio do\u00a0<a href=\"https:\/\/www1.folha.uol.com.br\/folha-topicos\/meio-ambiente\/\" target=\"_blank\" rel=\"noreferrer noopener\">Meio Ambiente<\/a>, Ana Toni, diz que ainda n\u00e3o viu no Brasil nenhuma\u00a0<a href=\"https:\/\/www1.folha.uol.com.br\/mercado\/2024\/03\/petrobras-quer-transicao-energetica-mas-vai-ate-a-ultima-gota-de-petroleo-diz-prates.shtml\" target=\"_blank\" rel=\"noreferrer noopener\">estrat\u00e9gia clara que direcione recursos do petr\u00f3leo para o financiamento da transi\u00e7\u00e3o energ\u00e9tica<\/a>.<\/p>\n","protected":false},"excerpt":{"rendered":"<p>A secret\u00e1ria de Mudan\u00e7a do Clima do Minist\u00e9rio do Meio Ambiente, Ana Toni, diz que ainda n\u00e3o viu no Brasil nenhuma estrat\u00e9gia clara que direcione recursos do petr\u00f3leo para o financiamento da transi\u00e7\u00e3o energ\u00e9tica.<\/p>\n","protected":false},"author":226,"featured_media":52139,"comment_status":"closed","ping_status":"closed","sticky":false,"template":"","format":"standard","meta":{"footnotes":""},"categories":[28],"tags":[],"veiculo":[1871],"ano":[2075],"eixos":[],"class_list":["post-52138","post","type-post","status-publish","format-standard","has-post-thumbnail","hentry","category-artigo-externo","veiculo-folha-de-sao-paulo-en-2"],"_links":{"self":[{"href":"https:\/\/concertacaoamazonia.com.br\/en\/wp-json\/wp\/v2\/posts\/52138","targetHints":{"allow":["GET"]}}],"collection":[{"href":"https:\/\/concertacaoamazonia.com.br\/en\/wp-json\/wp\/v2\/posts"}],"about":[{"href":"https:\/\/concertacaoamazonia.com.br\/en\/wp-json\/wp\/v2\/types\/post"}],"author":[{"embeddable":true,"href":"https:\/\/concertacaoamazonia.com.br\/en\/wp-json\/wp\/v2\/users\/226"}],"replies":[{"embeddable":true,"href":"https:\/\/concertacaoamazonia.com.br\/en\/wp-json\/wp\/v2\/comments?post=52138"}],"version-history":[{"count":0,"href":"https:\/\/concertacaoamazonia.com.br\/en\/wp-json\/wp\/v2\/posts\/52138\/revisions"}],"wp:featuredmedia":[{"embeddable":true,"href":"https:\/\/concertacaoamazonia.com.br\/en\/wp-json\/wp\/v2\/media\/52139"}],"wp:attachment":[{"href":"https:\/\/concertacaoamazonia.com.br\/en\/wp-json\/wp\/v2\/media?parent=52138"}],"wp:term":[{"taxonomy":"category","embeddable":true,"href":"https:\/\/concertacaoamazonia.com.br\/en\/wp-json\/wp\/v2\/categories?post=52138"},{"taxonomy":"post_tag","embeddable":true,"href":"https:\/\/concertacaoamazonia.com.br\/en\/wp-json\/wp\/v2\/tags?post=52138"},{"taxonomy":"veiculo","embeddable":true,"href":"https:\/\/concertacaoamazonia.com.br\/en\/wp-json\/wp\/v2\/veiculo?post=52138"},{"taxonomy":"ano","embeddable":true,"href":"https:\/\/concertacaoamazonia.com.br\/en\/wp-json\/wp\/v2\/ano?post=52138"},{"taxonomy":"eixos","embeddable":true,"href":"https:\/\/concertacaoamazonia.com.br\/en\/wp-json\/wp\/v2\/eixos?post=52138"}],"curies":[{"name":"wp","href":"https:\/\/api.w.org\/{rel}","templated":true}]}}