{"id":52130,"date":"2024-04-03T12:07:51","date_gmt":"2024-04-03T15:07:51","guid":{"rendered":"https:\/\/concertacaoamazonia.com.br\/?p=52130"},"modified":"2024-04-03T12:07:53","modified_gmt":"2024-04-03T15:07:53","slug":"seca-extrema-levou-a-umidade-minima-temperatura-maxima-e-solo-quente-na-amazonia-central","status":"publish","type":"post","link":"https:\/\/concertacaoamazonia.com.br\/en\/2024\/04\/03\/seca-extrema-levou-a-umidade-minima-temperatura-maxima-e-solo-quente-na-amazonia-central\/","title":{"rendered":"Seca extrema levou a umidade m\u00ednima, temperatura m\u00e1xima e solo quente na amaz\u00f4nia central"},"content":{"rendered":"\n<p>Num ponto superpreservado da\u00a0<a href=\"https:\/\/www1.folha.uol.com.br\/folha-topicos\/amazonia\/\" target=\"_blank\" rel=\"noreferrer noopener\">amaz\u00f4nia<\/a>\u00a0brasileira, numa \u00e1rea central do bioma, a\u00a0<a href=\"https:\/\/www1.folha.uol.com.br\/ambiente\/2023\/10\/rio-negro-atinge-menor-nivel-em-120-anos-de-medicao-em-manaus.shtml\" target=\"_blank\" rel=\"noreferrer noopener\">seca extrema de 2023<\/a>\u00a0se fez sentir de uma forma impressionante \u2014palavra usada por cientistas que monitoram indicadores, din\u00e2micas e comportamentos de uma floresta ainda saud\u00e1vel.<\/p>\n","protected":false},"excerpt":{"rendered":"<p>Num ponto superpreservado da amaz\u00f4nia brasileira, numa \u00e1rea central do bioma, a seca extrema de 2023 se fez sentir de uma forma impressionante \u2014palavra usada por cientistas que monitoram indicadores, din\u00e2micas e comportamentos de uma floresta ainda saud\u00e1vel.<\/p>\n","protected":false},"author":226,"featured_media":52131,"comment_status":"closed","ping_status":"closed","sticky":false,"template":"","format":"standard","meta":{"footnotes":""},"categories":[28],"tags":[],"veiculo":[1871],"ano":[2075],"eixos":[],"class_list":["post-52130","post","type-post","status-publish","format-standard","has-post-thumbnail","hentry","category-artigo-externo","veiculo-folha-de-sao-paulo-en-2"],"_links":{"self":[{"href":"https:\/\/concertacaoamazonia.com.br\/en\/wp-json\/wp\/v2\/posts\/52130","targetHints":{"allow":["GET"]}}],"collection":[{"href":"https:\/\/concertacaoamazonia.com.br\/en\/wp-json\/wp\/v2\/posts"}],"about":[{"href":"https:\/\/concertacaoamazonia.com.br\/en\/wp-json\/wp\/v2\/types\/post"}],"author":[{"embeddable":true,"href":"https:\/\/concertacaoamazonia.com.br\/en\/wp-json\/wp\/v2\/users\/226"}],"replies":[{"embeddable":true,"href":"https:\/\/concertacaoamazonia.com.br\/en\/wp-json\/wp\/v2\/comments?post=52130"}],"version-history":[{"count":0,"href":"https:\/\/concertacaoamazonia.com.br\/en\/wp-json\/wp\/v2\/posts\/52130\/revisions"}],"wp:featuredmedia":[{"embeddable":true,"href":"https:\/\/concertacaoamazonia.com.br\/en\/wp-json\/wp\/v2\/media\/52131"}],"wp:attachment":[{"href":"https:\/\/concertacaoamazonia.com.br\/en\/wp-json\/wp\/v2\/media?parent=52130"}],"wp:term":[{"taxonomy":"category","embeddable":true,"href":"https:\/\/concertacaoamazonia.com.br\/en\/wp-json\/wp\/v2\/categories?post=52130"},{"taxonomy":"post_tag","embeddable":true,"href":"https:\/\/concertacaoamazonia.com.br\/en\/wp-json\/wp\/v2\/tags?post=52130"},{"taxonomy":"veiculo","embeddable":true,"href":"https:\/\/concertacaoamazonia.com.br\/en\/wp-json\/wp\/v2\/veiculo?post=52130"},{"taxonomy":"ano","embeddable":true,"href":"https:\/\/concertacaoamazonia.com.br\/en\/wp-json\/wp\/v2\/ano?post=52130"},{"taxonomy":"eixos","embeddable":true,"href":"https:\/\/concertacaoamazonia.com.br\/en\/wp-json\/wp\/v2\/eixos?post=52130"}],"curies":[{"name":"wp","href":"https:\/\/api.w.org\/{rel}","templated":true}]}}