{"id":52092,"date":"2024-04-02T13:54:25","date_gmt":"2024-04-02T16:54:25","guid":{"rendered":"https:\/\/concertacaoamazonia.com.br\/?p=52092"},"modified":"2024-04-02T13:54:27","modified_gmt":"2024-04-02T16:54:27","slug":"cacau-vive-renascer-na-volta-as-origens-em-rondonia","status":"publish","type":"post","link":"https:\/\/concertacaoamazonia.com.br\/en\/2024\/04\/02\/cacau-vive-renascer-na-volta-as-origens-em-rondonia\/","title":{"rendered":"Cacau vive &#8216;renascer&#8217; na volta \u00e0s origens em Rond\u00f4nia"},"content":{"rendered":"\n<p>O cacau, fruto do chocolate,\u00a0<a href=\"https:\/\/www1.folha.uol.com.br\/turismo\/2024\/01\/na-onda-de-renascer-fazendas-de-cacau-atraem-turistas-no-sul-da-bahia.shtml\" target=\"_blank\" rel=\"noreferrer noopener\">fez fortunas, literatura e novela a partir da Bahia<\/a>, mas vive uma esp\u00e9cie de renascer em Rond\u00f4nia. Muita gente chama a regi\u00e3o de nova fronteira para esse cultivo, mas, na verdade, se trata de uma volta \u00e0s origens. O cacau \u00e9\u00a0<a href=\"https:\/\/www1.folha.uol.com.br\/ciencia\/2024\/03\/residuos-em-ceramicas-pre-colombianas-indicam-as-complexas-origens-do-cacau.shtml\" target=\"_blank\" rel=\"noreferrer noopener\">natural da regi\u00e3o amaz\u00f4nica<\/a>.<\/p>\n","protected":false},"excerpt":{"rendered":"<p>O cacau, fruto do chocolate, fez fortunas, literatura e novela a partir da Bahia, mas vive uma esp\u00e9cie de renascer em Rond\u00f4nia. Muita gente chama a regi\u00e3o de nova fronteira para esse cultivo, mas, na verdade, se trata de uma volta \u00e0s origens. O cacau \u00e9 natural da regi\u00e3o amaz\u00f4nica.<\/p>\n","protected":false},"author":226,"featured_media":52093,"comment_status":"closed","ping_status":"closed","sticky":false,"template":"","format":"standard","meta":{"footnotes":""},"categories":[28],"tags":[],"veiculo":[1871],"ano":[2075],"eixos":[],"class_list":["post-52092","post","type-post","status-publish","format-standard","has-post-thumbnail","hentry","category-artigo-externo","veiculo-folha-de-sao-paulo-en-2"],"_links":{"self":[{"href":"https:\/\/concertacaoamazonia.com.br\/en\/wp-json\/wp\/v2\/posts\/52092","targetHints":{"allow":["GET"]}}],"collection":[{"href":"https:\/\/concertacaoamazonia.com.br\/en\/wp-json\/wp\/v2\/posts"}],"about":[{"href":"https:\/\/concertacaoamazonia.com.br\/en\/wp-json\/wp\/v2\/types\/post"}],"author":[{"embeddable":true,"href":"https:\/\/concertacaoamazonia.com.br\/en\/wp-json\/wp\/v2\/users\/226"}],"replies":[{"embeddable":true,"href":"https:\/\/concertacaoamazonia.com.br\/en\/wp-json\/wp\/v2\/comments?post=52092"}],"version-history":[{"count":0,"href":"https:\/\/concertacaoamazonia.com.br\/en\/wp-json\/wp\/v2\/posts\/52092\/revisions"}],"wp:featuredmedia":[{"embeddable":true,"href":"https:\/\/concertacaoamazonia.com.br\/en\/wp-json\/wp\/v2\/media\/52093"}],"wp:attachment":[{"href":"https:\/\/concertacaoamazonia.com.br\/en\/wp-json\/wp\/v2\/media?parent=52092"}],"wp:term":[{"taxonomy":"category","embeddable":true,"href":"https:\/\/concertacaoamazonia.com.br\/en\/wp-json\/wp\/v2\/categories?post=52092"},{"taxonomy":"post_tag","embeddable":true,"href":"https:\/\/concertacaoamazonia.com.br\/en\/wp-json\/wp\/v2\/tags?post=52092"},{"taxonomy":"veiculo","embeddable":true,"href":"https:\/\/concertacaoamazonia.com.br\/en\/wp-json\/wp\/v2\/veiculo?post=52092"},{"taxonomy":"ano","embeddable":true,"href":"https:\/\/concertacaoamazonia.com.br\/en\/wp-json\/wp\/v2\/ano?post=52092"},{"taxonomy":"eixos","embeddable":true,"href":"https:\/\/concertacaoamazonia.com.br\/en\/wp-json\/wp\/v2\/eixos?post=52092"}],"curies":[{"name":"wp","href":"https:\/\/api.w.org\/{rel}","templated":true}]}}