{"id":52080,"date":"2024-04-02T13:43:17","date_gmt":"2024-04-02T16:43:17","guid":{"rendered":"https:\/\/concertacaoamazonia.com.br\/?p=52080"},"modified":"2024-04-02T13:43:21","modified_gmt":"2024-04-02T16:43:21","slug":"exportacao-do-cacau-do-para-cresce-com-reconhecimento-internacional","status":"publish","type":"post","link":"https:\/\/concertacaoamazonia.com.br\/en\/2024\/04\/02\/exportacao-do-cacau-do-para-cresce-com-reconhecimento-internacional\/","title":{"rendered":"Exporta\u00e7\u00e3o do cacau do Par\u00e1 cresce com reconhecimento internacional"},"content":{"rendered":"\n<p>Com uma estimativa de produ\u00e7\u00e3o para 2024 superior a 152 mil toneladas de cacau, segundo proje\u00e7\u00e3o do&nbsp;<a href=\"https:\/\/www.canalrural.com.br\/tag\/LSPA\/\" target=\"_blank\" rel=\"noreferrer noopener\">Levantamento Sistem\u00e1tico da Produ\u00e7\u00e3o Agr\u00edcola (LSPA)<\/a>, feito pelo&nbsp;<a href=\"https:\/\/www.canalrural.com.br\/tag\/ibge\/\" target=\"_blank\" rel=\"noreferrer noopener\">Instituto Brasileiro de Geografia e Estat\u00edstica (IBGE)<\/a>, o Par\u00e1 se consolida como maior produtor de cacau do Brasil, com mais de 31,5 mil produtores e participa\u00e7\u00e3o de 51,80% na produ\u00e7\u00e3o nacional.<\/p>\n\n\n\n<ul class=\"wp-block-list\">\n<li><\/li>\n<\/ul>\n","protected":false},"excerpt":{"rendered":"<p>Com uma estimativa de produ\u00e7\u00e3o para 2024 superior a 152 mil toneladas de cacau, segundo proje\u00e7\u00e3o do Levantamento Sistem\u00e1tico da Produ\u00e7\u00e3o Agr\u00edcola (LSPA), feito pelo Instituto Brasileiro de Geografia e Estat\u00edstica (IBGE), o Par\u00e1 se consolida como maior produtor de cacau do Brasil, com mais de 31,5 mil produtores e participa\u00e7\u00e3o de 51,80% na produ\u00e7\u00e3o nacional.<\/p>\n","protected":false},"author":226,"featured_media":52081,"comment_status":"closed","ping_status":"closed","sticky":false,"template":"","format":"standard","meta":{"footnotes":""},"categories":[28],"tags":[],"veiculo":[2085],"ano":[2075],"eixos":[],"class_list":["post-52080","post","type-post","status-publish","format-standard","has-post-thumbnail","hentry","category-artigo-externo","veiculo-canal-rural"],"_links":{"self":[{"href":"https:\/\/concertacaoamazonia.com.br\/en\/wp-json\/wp\/v2\/posts\/52080","targetHints":{"allow":["GET"]}}],"collection":[{"href":"https:\/\/concertacaoamazonia.com.br\/en\/wp-json\/wp\/v2\/posts"}],"about":[{"href":"https:\/\/concertacaoamazonia.com.br\/en\/wp-json\/wp\/v2\/types\/post"}],"author":[{"embeddable":true,"href":"https:\/\/concertacaoamazonia.com.br\/en\/wp-json\/wp\/v2\/users\/226"}],"replies":[{"embeddable":true,"href":"https:\/\/concertacaoamazonia.com.br\/en\/wp-json\/wp\/v2\/comments?post=52080"}],"version-history":[{"count":0,"href":"https:\/\/concertacaoamazonia.com.br\/en\/wp-json\/wp\/v2\/posts\/52080\/revisions"}],"wp:featuredmedia":[{"embeddable":true,"href":"https:\/\/concertacaoamazonia.com.br\/en\/wp-json\/wp\/v2\/media\/52081"}],"wp:attachment":[{"href":"https:\/\/concertacaoamazonia.com.br\/en\/wp-json\/wp\/v2\/media?parent=52080"}],"wp:term":[{"taxonomy":"category","embeddable":true,"href":"https:\/\/concertacaoamazonia.com.br\/en\/wp-json\/wp\/v2\/categories?post=52080"},{"taxonomy":"post_tag","embeddable":true,"href":"https:\/\/concertacaoamazonia.com.br\/en\/wp-json\/wp\/v2\/tags?post=52080"},{"taxonomy":"veiculo","embeddable":true,"href":"https:\/\/concertacaoamazonia.com.br\/en\/wp-json\/wp\/v2\/veiculo?post=52080"},{"taxonomy":"ano","embeddable":true,"href":"https:\/\/concertacaoamazonia.com.br\/en\/wp-json\/wp\/v2\/ano?post=52080"},{"taxonomy":"eixos","embeddable":true,"href":"https:\/\/concertacaoamazonia.com.br\/en\/wp-json\/wp\/v2\/eixos?post=52080"}],"curies":[{"name":"wp","href":"https:\/\/api.w.org\/{rel}","templated":true}]}}