{"id":52062,"date":"2024-04-02T08:33:42","date_gmt":"2024-04-02T11:33:42","guid":{"rendered":"https:\/\/concertacaoamazonia.com.br\/?p=52062"},"modified":"2024-04-02T08:33:44","modified_gmt":"2024-04-02T11:33:44","slug":"g20-lanca-ate-o-final-do-ano-edital-internacional-de-pesquisa-sobre-a-amazonia","status":"publish","type":"post","link":"https:\/\/concertacaoamazonia.com.br\/en\/2024\/04\/02\/g20-lanca-ate-o-final-do-ano-edital-internacional-de-pesquisa-sobre-a-amazonia\/","title":{"rendered":"G20 lan\u00e7a at\u00e9 o final do ano edital internacional de pesquisa sobre a Amaz\u00f4nia"},"content":{"rendered":"\n<p>At\u00e9 o final do ano ser\u00e1 lan\u00e7ado um edital internacional pelo G20 \u2013 o grupo dos 19 pa\u00edses mais ricos do mundo mais a Uni\u00e3o Africana e a Uni\u00e3o Europeia \u2013 e o Belmont Forum para escolher projetos de pesquisas sobre inova\u00e7\u00e3o tecnol\u00f3gica e diversidade na Amaz\u00f4nia, al\u00e9m da pesquisa em tecnologias para a descarboniza\u00e7\u00e3o e a promo\u00e7\u00e3o da diversidade racial e regional. A chamada de projetos, sob o tema \u201cFlorestas tropicais: Implica\u00e7\u00f5es globais e a\u00e7\u00f5es urgentes\u201d, incluir\u00e1 as etapas de pr\u00e9-propostas e propostas. O in\u00edcio dos projetos deve acontecer em meados de 2025.<\/p>\n","protected":false},"excerpt":{"rendered":"<p>At\u00e9 o final do ano ser\u00e1 lan\u00e7ado um edital internacional pelo G20 \u2013 o grupo dos 19 pa\u00edses mais ricos do mundo mais a Uni\u00e3o Africana e a Uni\u00e3o Europeia \u2013 e o Belmont Forum para escolher projetos de pesquisas sobre inova\u00e7\u00e3o tecnol\u00f3gica e diversidade na Amaz\u00f4nia, al\u00e9m da pesquisa em tecnologias para a descarboniza\u00e7\u00e3o e a promo\u00e7\u00e3o da diversidade racial e regional. A chamada de projetos, sob o tema \u201cFlorestas tropicais: Implica\u00e7\u00f5es globais e a\u00e7\u00f5es urgentes\u201d, incluir\u00e1 as etapas de pr\u00e9-propostas e propostas. O in\u00edcio dos projetos deve acontecer em meados de 2025.<\/p>\n","protected":false},"author":226,"featured_media":52063,"comment_status":"closed","ping_status":"closed","sticky":false,"template":"","format":"standard","meta":{"footnotes":""},"categories":[28],"tags":[],"veiculo":[2047],"ano":[2075],"eixos":[],"class_list":["post-52062","post","type-post","status-publish","format-standard","has-post-thumbnail","hentry","category-artigo-externo","veiculo-o-eco"],"_links":{"self":[{"href":"https:\/\/concertacaoamazonia.com.br\/en\/wp-json\/wp\/v2\/posts\/52062","targetHints":{"allow":["GET"]}}],"collection":[{"href":"https:\/\/concertacaoamazonia.com.br\/en\/wp-json\/wp\/v2\/posts"}],"about":[{"href":"https:\/\/concertacaoamazonia.com.br\/en\/wp-json\/wp\/v2\/types\/post"}],"author":[{"embeddable":true,"href":"https:\/\/concertacaoamazonia.com.br\/en\/wp-json\/wp\/v2\/users\/226"}],"replies":[{"embeddable":true,"href":"https:\/\/concertacaoamazonia.com.br\/en\/wp-json\/wp\/v2\/comments?post=52062"}],"version-history":[{"count":0,"href":"https:\/\/concertacaoamazonia.com.br\/en\/wp-json\/wp\/v2\/posts\/52062\/revisions"}],"wp:featuredmedia":[{"embeddable":true,"href":"https:\/\/concertacaoamazonia.com.br\/en\/wp-json\/wp\/v2\/media\/52063"}],"wp:attachment":[{"href":"https:\/\/concertacaoamazonia.com.br\/en\/wp-json\/wp\/v2\/media?parent=52062"}],"wp:term":[{"taxonomy":"category","embeddable":true,"href":"https:\/\/concertacaoamazonia.com.br\/en\/wp-json\/wp\/v2\/categories?post=52062"},{"taxonomy":"post_tag","embeddable":true,"href":"https:\/\/concertacaoamazonia.com.br\/en\/wp-json\/wp\/v2\/tags?post=52062"},{"taxonomy":"veiculo","embeddable":true,"href":"https:\/\/concertacaoamazonia.com.br\/en\/wp-json\/wp\/v2\/veiculo?post=52062"},{"taxonomy":"ano","embeddable":true,"href":"https:\/\/concertacaoamazonia.com.br\/en\/wp-json\/wp\/v2\/ano?post=52062"},{"taxonomy":"eixos","embeddable":true,"href":"https:\/\/concertacaoamazonia.com.br\/en\/wp-json\/wp\/v2\/eixos?post=52062"}],"curies":[{"name":"wp","href":"https:\/\/api.w.org\/{rel}","templated":true}]}}