{"id":51978,"date":"2024-03-22T11:07:07","date_gmt":"2024-03-22T14:07:07","guid":{"rendered":"https:\/\/concertacaoamazonia.com.br\/?p=51978"},"modified":"2024-03-22T11:07:09","modified_gmt":"2024-03-22T14:07:09","slug":"sete-passos-para-acabar-com-a-grilagem-na-amazonia","status":"publish","type":"post","link":"https:\/\/concertacaoamazonia.com.br\/en\/2024\/03\/22\/sete-passos-para-acabar-com-a-grilagem-na-amazonia\/","title":{"rendered":"Sete passos para acabar com a grilagem na Amaz\u00f4nia"},"content":{"rendered":"\n<p>A grilagem na Amaz\u00f4nia \u00e9 um dos maiores desafios enfrentados pelo Brasil. Um problema hist\u00f3rico que parece n\u00e3o ter fim. Ela compromete a integridade ambiental e econ\u00f4mica, amea\u00e7a os direitos das popula\u00e7\u00f5es tradicionais, contribui diretamente para o desmatamento e o aquecimento global. Pesquisas ainda apontam que ela\u00a0<a class=\"\" href=\"https:\/\/umsoplaneta.globo.com\/clima\/noticia\/2023\/07\/27\/desmatamento-atrasa-desenvolvimento-social-na-amazonia-mostra-indice-publicado-pelo-imazon.ghtml\" target=\"_blank\" rel=\"noreferrer noopener\">atrapalha frontalmente o desenvolvimento<\/a>, al\u00e9m de estar atrelada ao\u00a0<a class=\"\" href=\"https:\/\/umsoplaneta.globo.com\/opiniao\/colunas-e-blogs\/o-mundo-que-queremos\/post\/2024\/02\/grilagem-garimpo-ilegal-e-extracao-irregular-de-madeira-transformaram-a-amazonia-em-um-dos-lugares-mais-violentos-do-mundo.ghtml\" target=\"_blank\" rel=\"noreferrer noopener\">aumento exponencial da criminalidade na regi\u00e3o<\/a>. Mas, afinal, como combat\u00ea-la efetivamente?<\/p>\n","protected":false},"excerpt":{"rendered":"<p>A grilagem na Amaz\u00f4nia \u00e9 um dos maiores desafios enfrentados pelo Brasil. Um problema hist\u00f3rico que parece n\u00e3o ter fim. Ela compromete a integridade ambiental e econ\u00f4mica, amea\u00e7a os direitos das popula\u00e7\u00f5es tradicionais, contribui diretamente para o desmatamento e o aquecimento global. Pesquisas ainda apontam que ela atrapalha frontalmente o desenvolvimento, al\u00e9m de estar atrelada ao aumento exponencial da criminalidade na regi\u00e3o. Mas, afinal, como combat\u00ea-la efetivamente?<\/p>\n","protected":false},"author":226,"featured_media":51979,"comment_status":"closed","ping_status":"closed","sticky":false,"template":"","format":"standard","meta":{"footnotes":""},"categories":[28],"tags":[],"veiculo":[732],"ano":[2075],"eixos":[],"class_list":["post-51978","post","type-post","status-publish","format-standard","has-post-thumbnail","hentry","category-artigo-externo","veiculo-um-so-planeta-globo"],"_links":{"self":[{"href":"https:\/\/concertacaoamazonia.com.br\/en\/wp-json\/wp\/v2\/posts\/51978","targetHints":{"allow":["GET"]}}],"collection":[{"href":"https:\/\/concertacaoamazonia.com.br\/en\/wp-json\/wp\/v2\/posts"}],"about":[{"href":"https:\/\/concertacaoamazonia.com.br\/en\/wp-json\/wp\/v2\/types\/post"}],"author":[{"embeddable":true,"href":"https:\/\/concertacaoamazonia.com.br\/en\/wp-json\/wp\/v2\/users\/226"}],"replies":[{"embeddable":true,"href":"https:\/\/concertacaoamazonia.com.br\/en\/wp-json\/wp\/v2\/comments?post=51978"}],"version-history":[{"count":0,"href":"https:\/\/concertacaoamazonia.com.br\/en\/wp-json\/wp\/v2\/posts\/51978\/revisions"}],"wp:featuredmedia":[{"embeddable":true,"href":"https:\/\/concertacaoamazonia.com.br\/en\/wp-json\/wp\/v2\/media\/51979"}],"wp:attachment":[{"href":"https:\/\/concertacaoamazonia.com.br\/en\/wp-json\/wp\/v2\/media?parent=51978"}],"wp:term":[{"taxonomy":"category","embeddable":true,"href":"https:\/\/concertacaoamazonia.com.br\/en\/wp-json\/wp\/v2\/categories?post=51978"},{"taxonomy":"post_tag","embeddable":true,"href":"https:\/\/concertacaoamazonia.com.br\/en\/wp-json\/wp\/v2\/tags?post=51978"},{"taxonomy":"veiculo","embeddable":true,"href":"https:\/\/concertacaoamazonia.com.br\/en\/wp-json\/wp\/v2\/veiculo?post=51978"},{"taxonomy":"ano","embeddable":true,"href":"https:\/\/concertacaoamazonia.com.br\/en\/wp-json\/wp\/v2\/ano?post=51978"},{"taxonomy":"eixos","embeddable":true,"href":"https:\/\/concertacaoamazonia.com.br\/en\/wp-json\/wp\/v2\/eixos?post=51978"}],"curies":[{"name":"wp","href":"https:\/\/api.w.org\/{rel}","templated":true}]}}