{"id":51798,"date":"2024-03-20T08:28:24","date_gmt":"2024-03-20T11:28:24","guid":{"rendered":"https:\/\/concertacaoamazonia.com.br\/?p=51798"},"modified":"2024-03-20T08:28:25","modified_gmt":"2024-03-20T11:28:25","slug":"desmatamento-na-amazonia-no-1o-bimestre-atinge-a-menor-taxa-dos-ultimos-6-anos-aponta-imazon","status":"publish","type":"post","link":"https:\/\/concertacaoamazonia.com.br\/en\/2024\/03\/20\/desmatamento-na-amazonia-no-1o-bimestre-atinge-a-menor-taxa-dos-ultimos-6-anos-aponta-imazon\/","title":{"rendered":"Desmatamento na Amaz\u00f4nia no 1\u00ba bimestre atinge a menor taxa dos \u00faltimos 6 anos, aponta Imazon"},"content":{"rendered":"\n<p>A Amaz\u00f4nia Legal teve no primeiro bimestre de 2024\u00a0<strong>o menor \u00edndice de desmatamento em seis anos<\/strong>, segundo dados do Instituto do Homem e Meio Ambiente da Amaz\u00f4nia (Imazon) divulgados nesta segunda-feira (18).<\/p>\n","protected":false},"excerpt":{"rendered":"<p>A Amaz\u00f4nia Legal corresponde a 59% do territ\u00f3rio brasileiro e engloba a \u00e1rea de 9 estados (Acre, Amap\u00e1, Amazonas, Mato Grosso, Par\u00e1, Rond\u00f4nia, Roraima, Tocantins e parte do Maranh\u00e3o).<\/p>\n<p>No ano passado, neste mesmo per\u00edodo (janeiro e fevereiro) foram derrubados 523 km\u00b2 de floresta no bioma, \u00e1rea que equivale ao tamanho de Bras\u00edlia.<\/p>\n","protected":false},"author":226,"featured_media":51799,"comment_status":"closed","ping_status":"closed","sticky":false,"template":"","format":"standard","meta":{"footnotes":""},"categories":[28],"tags":[],"veiculo":[714],"ano":[2075],"eixos":[],"class_list":["post-51798","post","type-post","status-publish","format-standard","has-post-thumbnail","hentry","category-artigo-externo","veiculo-g1"],"_links":{"self":[{"href":"https:\/\/concertacaoamazonia.com.br\/en\/wp-json\/wp\/v2\/posts\/51798","targetHints":{"allow":["GET"]}}],"collection":[{"href":"https:\/\/concertacaoamazonia.com.br\/en\/wp-json\/wp\/v2\/posts"}],"about":[{"href":"https:\/\/concertacaoamazonia.com.br\/en\/wp-json\/wp\/v2\/types\/post"}],"author":[{"embeddable":true,"href":"https:\/\/concertacaoamazonia.com.br\/en\/wp-json\/wp\/v2\/users\/226"}],"replies":[{"embeddable":true,"href":"https:\/\/concertacaoamazonia.com.br\/en\/wp-json\/wp\/v2\/comments?post=51798"}],"version-history":[{"count":0,"href":"https:\/\/concertacaoamazonia.com.br\/en\/wp-json\/wp\/v2\/posts\/51798\/revisions"}],"wp:featuredmedia":[{"embeddable":true,"href":"https:\/\/concertacaoamazonia.com.br\/en\/wp-json\/wp\/v2\/media\/51799"}],"wp:attachment":[{"href":"https:\/\/concertacaoamazonia.com.br\/en\/wp-json\/wp\/v2\/media?parent=51798"}],"wp:term":[{"taxonomy":"category","embeddable":true,"href":"https:\/\/concertacaoamazonia.com.br\/en\/wp-json\/wp\/v2\/categories?post=51798"},{"taxonomy":"post_tag","embeddable":true,"href":"https:\/\/concertacaoamazonia.com.br\/en\/wp-json\/wp\/v2\/tags?post=51798"},{"taxonomy":"veiculo","embeddable":true,"href":"https:\/\/concertacaoamazonia.com.br\/en\/wp-json\/wp\/v2\/veiculo?post=51798"},{"taxonomy":"ano","embeddable":true,"href":"https:\/\/concertacaoamazonia.com.br\/en\/wp-json\/wp\/v2\/ano?post=51798"},{"taxonomy":"eixos","embeddable":true,"href":"https:\/\/concertacaoamazonia.com.br\/en\/wp-json\/wp\/v2\/eixos?post=51798"}],"curies":[{"name":"wp","href":"https:\/\/api.w.org\/{rel}","templated":true}]}}