{"id":48953,"date":"2024-02-01T13:56:09","date_gmt":"2024-02-01T16:56:09","guid":{"rendered":"https:\/\/concertacaoamazonia.com.br\/?p=48953"},"modified":"2024-02-01T13:56:11","modified_gmt":"2024-02-01T16:56:11","slug":"por-que-o-brasil-e-o-g20-precisam-do-g20-social","status":"publish","type":"post","link":"https:\/\/concertacaoamazonia.com.br\/en\/2024\/02\/01\/por-que-o-brasil-e-o-g20-precisam-do-g20-social\/","title":{"rendered":"Por que o Brasil e o G20 precisam do G20 Social?"},"content":{"rendered":"\n<p>Foi antes mesmo do Brasil\u00a0<a href=\"https:\/\/www.poder360.com.br\/internacional\/brasil-assume-presidencia-do-g20-e-mira-projecao-internacional\/\" target=\"_blank\" rel=\"noreferrer noopener\">assumir o comando do G20<\/a>, em dezembro de 2023, que o presidente\u00a0<a href=\"https:\/\/eleicoes.poder360.com.br\/candidato\/929674#2022\" target=\"_blank\" rel=\"noreferrer noopener\">Luiz In\u00e1cio Lula da Silva<\/a>\u00a0anunciou a cria\u00e7\u00e3o do\u00a0<a href=\"https:\/\/www.poder360.com.br\/governo\/brasil-fara-mais-de-120-eventos-preparatorios-da-cupula-do-g20\/\" target=\"_blank\" rel=\"noreferrer noopener\">G20 Social<\/a>\u00a0durante a 18\u00aa c\u00fapula do bloco, realizada em Nova Delhi, em setembro.<\/p>\n","protected":false},"excerpt":{"rendered":"<p>Foi antes mesmo do Brasil assumir o comando do G20, em dezembro de 2023, que o presidente Luiz In\u00e1cio Lula da Silva anunciou a cria\u00e7\u00e3o do G20 Social durante a 18\u00aa c\u00fapula do bloco, realizada em Nova Delhi, em setembro.<\/p>\n","protected":false},"author":226,"featured_media":48954,"comment_status":"closed","ping_status":"closed","sticky":false,"template":"","format":"standard","meta":{"footnotes":""},"categories":[28],"tags":[],"veiculo":[1914],"ano":[2075],"eixos":[],"class_list":["post-48953","post","type-post","status-publish","format-standard","has-post-thumbnail","hentry","category-artigo-externo","veiculo-poder-360"],"_links":{"self":[{"href":"https:\/\/concertacaoamazonia.com.br\/en\/wp-json\/wp\/v2\/posts\/48953","targetHints":{"allow":["GET"]}}],"collection":[{"href":"https:\/\/concertacaoamazonia.com.br\/en\/wp-json\/wp\/v2\/posts"}],"about":[{"href":"https:\/\/concertacaoamazonia.com.br\/en\/wp-json\/wp\/v2\/types\/post"}],"author":[{"embeddable":true,"href":"https:\/\/concertacaoamazonia.com.br\/en\/wp-json\/wp\/v2\/users\/226"}],"replies":[{"embeddable":true,"href":"https:\/\/concertacaoamazonia.com.br\/en\/wp-json\/wp\/v2\/comments?post=48953"}],"version-history":[{"count":0,"href":"https:\/\/concertacaoamazonia.com.br\/en\/wp-json\/wp\/v2\/posts\/48953\/revisions"}],"wp:featuredmedia":[{"embeddable":true,"href":"https:\/\/concertacaoamazonia.com.br\/en\/wp-json\/wp\/v2\/media\/48954"}],"wp:attachment":[{"href":"https:\/\/concertacaoamazonia.com.br\/en\/wp-json\/wp\/v2\/media?parent=48953"}],"wp:term":[{"taxonomy":"category","embeddable":true,"href":"https:\/\/concertacaoamazonia.com.br\/en\/wp-json\/wp\/v2\/categories?post=48953"},{"taxonomy":"post_tag","embeddable":true,"href":"https:\/\/concertacaoamazonia.com.br\/en\/wp-json\/wp\/v2\/tags?post=48953"},{"taxonomy":"veiculo","embeddable":true,"href":"https:\/\/concertacaoamazonia.com.br\/en\/wp-json\/wp\/v2\/veiculo?post=48953"},{"taxonomy":"ano","embeddable":true,"href":"https:\/\/concertacaoamazonia.com.br\/en\/wp-json\/wp\/v2\/ano?post=48953"},{"taxonomy":"eixos","embeddable":true,"href":"https:\/\/concertacaoamazonia.com.br\/en\/wp-json\/wp\/v2\/eixos?post=48953"}],"curies":[{"name":"wp","href":"https:\/\/api.w.org\/{rel}","templated":true}]}}