{"id":45161,"date":"2023-07-28T11:03:04","date_gmt":"2023-07-28T14:03:04","guid":{"rendered":"https:\/\/concertacaoamazonia.com.br\/?p=45161"},"modified":"2023-07-28T11:03:06","modified_gmt":"2023-07-28T14:03:06","slug":"como-marina-silva-quer-frear-desmate-no-cerrado-e-por-que-isso-importa-tanto-para-o-agronegocio","status":"publish","type":"post","link":"https:\/\/concertacaoamazonia.com.br\/en\/2023\/07\/28\/como-marina-silva-quer-frear-desmate-no-cerrado-e-por-que-isso-importa-tanto-para-o-agronegocio\/","title":{"rendered":"Como Marina Silva quer frear desmate no Cerrado e por que isso importa tanto para o agroneg\u00f3cio?"},"content":{"rendered":"\n<p>Pressionado pela alta de 31% do\u00a0<a href=\"https:\/\/www.estadao.com.br\/sustentabilidade\/desmatamento-na-amazonia-cai-quase-34-mas-tem-salto-no-cerrado\/\" target=\"_blank\" rel=\"noreferrer noopener\"><strong>desmatamento no Cerrado<\/strong><\/a>\u00a0no 1\u00ba semestre, o governo federal prepara um pacote de a\u00e7\u00f5es para tentar reverter a curva ascendente da destrui\u00e7\u00e3o no bioma. Na pauta, est\u00e3o o embargo de \u00e1reas derrubadas ilegalmente por meio do alerta de sat\u00e9lites, o aperto da fiscaliza\u00e7\u00e3o, a integra\u00e7\u00e3o das bases de dados dos Estado e o incentivo econ\u00f4mico a produtores em dia com o Cadastro Ambiental Rural. Desde os anos 1970, o Cerrado \u00e9 uma \u00e1rea de fronteira agr\u00edcola.<\/p>\n","protected":false},"excerpt":{"rendered":"<p>Pressionado pela alta de 31% do desmatamento no Cerrado no 1\u00ba semestre, o governo federal prepara um pacote de a\u00e7\u00f5es para tentar reverter a curva ascendente da destrui\u00e7\u00e3o no bioma. Na pauta, est\u00e3o o embargo de \u00e1reas derrubadas ilegalmente por meio do alerta de sat\u00e9lites, o aperto da fiscaliza\u00e7\u00e3o, a integra\u00e7\u00e3o das bases de dados dos Estado e o incentivo econ\u00f4mico a produtores em dia com o Cadastro Ambiental Rural. Desde os anos 1970, o Cerrado \u00e9 uma \u00e1rea de fronteira agr\u00edcola.<\/p>\n","protected":false},"author":226,"featured_media":45162,"comment_status":"closed","ping_status":"closed","sticky":false,"template":"","format":"standard","meta":{"footnotes":""},"categories":[28],"tags":[],"veiculo":[711],"ano":[1902],"eixos":[],"class_list":["post-45161","post","type-post","status-publish","format-standard","has-post-thumbnail","hentry","category-artigo-externo","veiculo-estadao"],"_links":{"self":[{"href":"https:\/\/concertacaoamazonia.com.br\/en\/wp-json\/wp\/v2\/posts\/45161","targetHints":{"allow":["GET"]}}],"collection":[{"href":"https:\/\/concertacaoamazonia.com.br\/en\/wp-json\/wp\/v2\/posts"}],"about":[{"href":"https:\/\/concertacaoamazonia.com.br\/en\/wp-json\/wp\/v2\/types\/post"}],"author":[{"embeddable":true,"href":"https:\/\/concertacaoamazonia.com.br\/en\/wp-json\/wp\/v2\/users\/226"}],"replies":[{"embeddable":true,"href":"https:\/\/concertacaoamazonia.com.br\/en\/wp-json\/wp\/v2\/comments?post=45161"}],"version-history":[{"count":0,"href":"https:\/\/concertacaoamazonia.com.br\/en\/wp-json\/wp\/v2\/posts\/45161\/revisions"}],"wp:featuredmedia":[{"embeddable":true,"href":"https:\/\/concertacaoamazonia.com.br\/en\/wp-json\/wp\/v2\/media\/45162"}],"wp:attachment":[{"href":"https:\/\/concertacaoamazonia.com.br\/en\/wp-json\/wp\/v2\/media?parent=45161"}],"wp:term":[{"taxonomy":"category","embeddable":true,"href":"https:\/\/concertacaoamazonia.com.br\/en\/wp-json\/wp\/v2\/categories?post=45161"},{"taxonomy":"post_tag","embeddable":true,"href":"https:\/\/concertacaoamazonia.com.br\/en\/wp-json\/wp\/v2\/tags?post=45161"},{"taxonomy":"veiculo","embeddable":true,"href":"https:\/\/concertacaoamazonia.com.br\/en\/wp-json\/wp\/v2\/veiculo?post=45161"},{"taxonomy":"ano","embeddable":true,"href":"https:\/\/concertacaoamazonia.com.br\/en\/wp-json\/wp\/v2\/ano?post=45161"},{"taxonomy":"eixos","embeddable":true,"href":"https:\/\/concertacaoamazonia.com.br\/en\/wp-json\/wp\/v2\/eixos?post=45161"}],"curies":[{"name":"wp","href":"https:\/\/api.w.org\/{rel}","templated":true}]}}