{"id":45157,"date":"2023-07-27T19:41:57","date_gmt":"2023-07-27T22:41:57","guid":{"rendered":"https:\/\/concertacaoamazonia.com.br\/?p=45157"},"modified":"2023-07-27T19:42:34","modified_gmt":"2023-07-27T22:42:34","slug":"amazonia-legal-concentra-32-dos-quilombolas-no-brasil-diz-censo","status":"publish","type":"post","link":"https:\/\/concertacaoamazonia.com.br\/en\/2023\/07\/27\/amazonia-legal-concentra-32-dos-quilombolas-no-brasil-diz-censo\/","title":{"rendered":"Amaz\u00f4nia Legal concentra 32% dos quilombolas no Brasil, diz Censo"},"content":{"rendered":"\n<p>A Amaz\u00f4nia Legal concentra 32,11% dos quilombolas que existem no Brasil. \u00c9 isso que aponta o Censo 2022, divulgado pelo IBGE (Instituto Brasileiro de Geografia e Estat\u00edstica), nesta quinta-feira (27).<\/p>\n","protected":false},"excerpt":{"rendered":"<p>A Amaz\u00f4nia Legal concentra 32,11% dos quilombolas que existem no Brasil. \u00c9 isso que aponta o Censo 2022, divulgado pelo IBGE (Instituto Brasileiro de Geografia e Estat\u00edstica), nesta quinta-feira (27).<\/p>\n","protected":false},"author":226,"featured_media":45158,"comment_status":"closed","ping_status":"closed","sticky":false,"template":"","format":"standard","meta":{"footnotes":""},"categories":[28],"tags":[],"veiculo":[1871],"ano":[1902],"eixos":[],"class_list":["post-45157","post","type-post","status-publish","format-standard","has-post-thumbnail","hentry","category-artigo-externo","veiculo-folha-de-sao-paulo-en-2"],"_links":{"self":[{"href":"https:\/\/concertacaoamazonia.com.br\/en\/wp-json\/wp\/v2\/posts\/45157","targetHints":{"allow":["GET"]}}],"collection":[{"href":"https:\/\/concertacaoamazonia.com.br\/en\/wp-json\/wp\/v2\/posts"}],"about":[{"href":"https:\/\/concertacaoamazonia.com.br\/en\/wp-json\/wp\/v2\/types\/post"}],"author":[{"embeddable":true,"href":"https:\/\/concertacaoamazonia.com.br\/en\/wp-json\/wp\/v2\/users\/226"}],"replies":[{"embeddable":true,"href":"https:\/\/concertacaoamazonia.com.br\/en\/wp-json\/wp\/v2\/comments?post=45157"}],"version-history":[{"count":0,"href":"https:\/\/concertacaoamazonia.com.br\/en\/wp-json\/wp\/v2\/posts\/45157\/revisions"}],"wp:featuredmedia":[{"embeddable":true,"href":"https:\/\/concertacaoamazonia.com.br\/en\/wp-json\/wp\/v2\/media\/45158"}],"wp:attachment":[{"href":"https:\/\/concertacaoamazonia.com.br\/en\/wp-json\/wp\/v2\/media?parent=45157"}],"wp:term":[{"taxonomy":"category","embeddable":true,"href":"https:\/\/concertacaoamazonia.com.br\/en\/wp-json\/wp\/v2\/categories?post=45157"},{"taxonomy":"post_tag","embeddable":true,"href":"https:\/\/concertacaoamazonia.com.br\/en\/wp-json\/wp\/v2\/tags?post=45157"},{"taxonomy":"veiculo","embeddable":true,"href":"https:\/\/concertacaoamazonia.com.br\/en\/wp-json\/wp\/v2\/veiculo?post=45157"},{"taxonomy":"ano","embeddable":true,"href":"https:\/\/concertacaoamazonia.com.br\/en\/wp-json\/wp\/v2\/ano?post=45157"},{"taxonomy":"eixos","embeddable":true,"href":"https:\/\/concertacaoamazonia.com.br\/en\/wp-json\/wp\/v2\/eixos?post=45157"}],"curies":[{"name":"wp","href":"https:\/\/api.w.org\/{rel}","templated":true}]}}