{"id":44559,"date":"2023-07-21T14:49:54","date_gmt":"2023-07-21T17:49:54","guid":{"rendered":"https:\/\/concertacaoamazonia.com.br\/?p=44559"},"modified":"2023-07-21T14:49:56","modified_gmt":"2023-07-21T17:49:56","slug":"constituicao-brasileira-e-traduzida-pela-1a-vez-para-lingua-indigena","status":"publish","type":"post","link":"https:\/\/concertacaoamazonia.com.br\/en\/2023\/07\/21\/constituicao-brasileira-e-traduzida-pela-1a-vez-para-lingua-indigena\/","title":{"rendered":"Constitui\u00e7\u00e3o brasileira \u00e9 traduzida pela 1\u00aa vez para l\u00edngua ind\u00edgena"},"content":{"rendered":"\n<h3 class=\"wp-block-heading\">Grupo de 15 ind\u00edgenas fez a tradu\u00e7\u00e3o para o nheengatu<\/h3>\n","protected":false},"excerpt":{"rendered":"<p>Trinta e cinco anos ap\u00f3s promulgada, a Constitui\u00e7\u00e3o brasileira foi traduzida pela primeira vez para uma l\u00edngua ind\u00edgena: o nheengatu. Patrocinada pelo Supremo Tribunal Federal (STF) e pelo Conselho Nacional de Justi\u00e7a (CNJ), a nova vers\u00e3o da Carta Magna foi lan\u00e7ada nesta quarta-feira (19) no munic\u00edpio de S\u00e3o Gabriel da Cachoeira (AM), em uma cerim\u00f4nia na maloca da Federa\u00e7\u00e3o das Organiza\u00e7\u00f5es Ind\u00edgenas do Rio Negro (FOIRN).<\/p>\n","protected":false},"author":226,"featured_media":44560,"comment_status":"closed","ping_status":"closed","sticky":false,"template":"","format":"standard","meta":{"footnotes":""},"categories":[28],"tags":[],"veiculo":[1913],"ano":[1902],"eixos":[],"class_list":["post-44559","post","type-post","status-publish","format-standard","has-post-thumbnail","hentry","category-artigo-externo","veiculo-agencia-brasil"],"_links":{"self":[{"href":"https:\/\/concertacaoamazonia.com.br\/en\/wp-json\/wp\/v2\/posts\/44559","targetHints":{"allow":["GET"]}}],"collection":[{"href":"https:\/\/concertacaoamazonia.com.br\/en\/wp-json\/wp\/v2\/posts"}],"about":[{"href":"https:\/\/concertacaoamazonia.com.br\/en\/wp-json\/wp\/v2\/types\/post"}],"author":[{"embeddable":true,"href":"https:\/\/concertacaoamazonia.com.br\/en\/wp-json\/wp\/v2\/users\/226"}],"replies":[{"embeddable":true,"href":"https:\/\/concertacaoamazonia.com.br\/en\/wp-json\/wp\/v2\/comments?post=44559"}],"version-history":[{"count":0,"href":"https:\/\/concertacaoamazonia.com.br\/en\/wp-json\/wp\/v2\/posts\/44559\/revisions"}],"wp:featuredmedia":[{"embeddable":true,"href":"https:\/\/concertacaoamazonia.com.br\/en\/wp-json\/wp\/v2\/media\/44560"}],"wp:attachment":[{"href":"https:\/\/concertacaoamazonia.com.br\/en\/wp-json\/wp\/v2\/media?parent=44559"}],"wp:term":[{"taxonomy":"category","embeddable":true,"href":"https:\/\/concertacaoamazonia.com.br\/en\/wp-json\/wp\/v2\/categories?post=44559"},{"taxonomy":"post_tag","embeddable":true,"href":"https:\/\/concertacaoamazonia.com.br\/en\/wp-json\/wp\/v2\/tags?post=44559"},{"taxonomy":"veiculo","embeddable":true,"href":"https:\/\/concertacaoamazonia.com.br\/en\/wp-json\/wp\/v2\/veiculo?post=44559"},{"taxonomy":"ano","embeddable":true,"href":"https:\/\/concertacaoamazonia.com.br\/en\/wp-json\/wp\/v2\/ano?post=44559"},{"taxonomy":"eixos","embeddable":true,"href":"https:\/\/concertacaoamazonia.com.br\/en\/wp-json\/wp\/v2\/eixos?post=44559"}],"curies":[{"name":"wp","href":"https:\/\/api.w.org\/{rel}","templated":true}]}}