{"id":44491,"date":"2023-07-17T13:39:15","date_gmt":"2023-07-17T16:39:15","guid":{"rendered":"https:\/\/concertacaoamazonia.com.br\/?p=44491"},"modified":"2023-07-17T13:39:17","modified_gmt":"2023-07-17T16:39:17","slug":"painel-da-floresta-plataforma-disponibiliza-dados-sobre-produtos-da-bioeconomia-da-amazonia-para-nortear-investimentos-e-politicas","status":"publish","type":"post","link":"https:\/\/concertacaoamazonia.com.br\/en\/2023\/07\/17\/painel-da-floresta-plataforma-disponibiliza-dados-sobre-produtos-da-bioeconomia-da-amazonia-para-nortear-investimentos-e-politicas\/","title":{"rendered":"Painel da Floresta: plataforma disponibiliza dados sobre produtos da bioeconomia da Amaz\u00f4nia para nortear investimentos e pol\u00edticas"},"content":{"rendered":"\n<p>Dados sobre a bioeconomia da Amaz\u00f4nia at\u00e9 existem, mas s\u00e3o d\u00edspares, dispersos e desconexos. Por isso, com o objetivo de integr\u00e1-los e orden\u00e1-los, a fim de orientar pol\u00edticas p\u00fablicas e nortear investimentos, a Coaliz\u00e3o Brasil Clima, Florestas e Agricultura e a iniciativa Uma Concerta\u00e7\u00e3o pela Amaz\u00f4nia, com o apoio financeiro do Fundo JBS pela Amaz\u00f4nia, criaram um painel de dados que re\u00fane, organiza e integra informa\u00e7\u00f5es sobre tr\u00eas das principais cadeias produtivas da floresta: a\u00e7a\u00ed, cacau e baba\u00e7u.<\/p>\n","protected":false},"excerpt":{"rendered":"<p>Dados sobre a bioeconomia da Amaz\u00f4nia at\u00e9 existem, mas s\u00e3o d\u00edspares, dispersos e desconexos. Por isso, com o objetivo de integr\u00e1-los e orden\u00e1-los, a fim de orientar pol\u00edticas p\u00fablicas e nortear investimentos, a Coaliz\u00e3o Brasil Clima, Florestas e Agricultura e a iniciativa Uma Concerta\u00e7\u00e3o pela Amaz\u00f4nia, com o apoio financeiro do Fundo JBS pela Amaz\u00f4nia, criaram um painel de dados que re\u00fane, organiza e integra informa\u00e7\u00f5es sobre tr\u00eas das principais cadeias produtivas da floresta: a\u00e7a\u00ed, cacau e baba\u00e7u.<\/p>\n","protected":false},"author":226,"featured_media":44492,"comment_status":"closed","ping_status":"closed","sticky":false,"template":"","format":"standard","meta":{"footnotes":""},"categories":[28],"tags":[],"veiculo":[732],"ano":[1902],"eixos":[],"class_list":["post-44491","post","type-post","status-publish","format-standard","has-post-thumbnail","hentry","category-artigo-externo","veiculo-um-so-planeta-globo"],"_links":{"self":[{"href":"https:\/\/concertacaoamazonia.com.br\/en\/wp-json\/wp\/v2\/posts\/44491","targetHints":{"allow":["GET"]}}],"collection":[{"href":"https:\/\/concertacaoamazonia.com.br\/en\/wp-json\/wp\/v2\/posts"}],"about":[{"href":"https:\/\/concertacaoamazonia.com.br\/en\/wp-json\/wp\/v2\/types\/post"}],"author":[{"embeddable":true,"href":"https:\/\/concertacaoamazonia.com.br\/en\/wp-json\/wp\/v2\/users\/226"}],"replies":[{"embeddable":true,"href":"https:\/\/concertacaoamazonia.com.br\/en\/wp-json\/wp\/v2\/comments?post=44491"}],"version-history":[{"count":0,"href":"https:\/\/concertacaoamazonia.com.br\/en\/wp-json\/wp\/v2\/posts\/44491\/revisions"}],"wp:featuredmedia":[{"embeddable":true,"href":"https:\/\/concertacaoamazonia.com.br\/en\/wp-json\/wp\/v2\/media\/44492"}],"wp:attachment":[{"href":"https:\/\/concertacaoamazonia.com.br\/en\/wp-json\/wp\/v2\/media?parent=44491"}],"wp:term":[{"taxonomy":"category","embeddable":true,"href":"https:\/\/concertacaoamazonia.com.br\/en\/wp-json\/wp\/v2\/categories?post=44491"},{"taxonomy":"post_tag","embeddable":true,"href":"https:\/\/concertacaoamazonia.com.br\/en\/wp-json\/wp\/v2\/tags?post=44491"},{"taxonomy":"veiculo","embeddable":true,"href":"https:\/\/concertacaoamazonia.com.br\/en\/wp-json\/wp\/v2\/veiculo?post=44491"},{"taxonomy":"ano","embeddable":true,"href":"https:\/\/concertacaoamazonia.com.br\/en\/wp-json\/wp\/v2\/ano?post=44491"},{"taxonomy":"eixos","embeddable":true,"href":"https:\/\/concertacaoamazonia.com.br\/en\/wp-json\/wp\/v2\/eixos?post=44491"}],"curies":[{"name":"wp","href":"https:\/\/api.w.org\/{rel}","templated":true}]}}