{"id":44159,"date":"2023-06-26T13:26:57","date_gmt":"2023-06-26T16:26:57","guid":{"rendered":"https:\/\/concertacaoamazonia.com.br\/?p=44159"},"modified":"2023-06-26T13:40:57","modified_gmt":"2023-06-26T16:40:57","slug":"estudo-propoe-modelo-economico-que-afasta-amazonia-de-ponto-de-nao-retorno-e-leva-a-ponto-de-muito-retorno","status":"publish","type":"post","link":"https:\/\/concertacaoamazonia.com.br\/en\/2023\/06\/26\/estudo-propoe-modelo-economico-que-afasta-amazonia-de-ponto-de-nao-retorno-e-leva-a-ponto-de-muito-retorno\/","title":{"rendered":"Estudo prop\u00f5e modelo econ\u00f4mico que afasta Amaz\u00f4nia de &#8220;ponto de n\u00e3o retorno&#8221; e leva a &#8220;ponto de muito retorno&#8221;"},"content":{"rendered":"\n<p>Nova Economia da Amaz\u00f4nia mostra como Amaz\u00f4nia Legal explora natureza sem trazer retorno financeiro compat\u00edvel com destrui\u00e7\u00e3o e prop\u00f5e estrat\u00e9gias para cen\u00e1rio com aumento de R$ 40 bilh\u00f5es no PIB da regi\u00e3o<\/p>\n","protected":false},"excerpt":{"rendered":"<p>Como colocar a Amaz\u00f4nia Legal em uma trajet\u00f3ria de descarboniza\u00e7\u00e3o, transformando a economia da regi\u00e3o para que ela cres\u00e7a, gere oportunidades, valorize as culturas locais e os ativos ambientais, combatendo a desigualdade e os desmatamentos? Essa foi a pergunta que moveu os 76 pesquisadores que assinam o relat\u00f3rio Nova Economia da Amaz\u00f4nia, divulgado hoje pelo WRI.<\/p>\n","protected":false},"author":226,"featured_media":44160,"comment_status":"closed","ping_status":"closed","sticky":false,"template":"","format":"standard","meta":{"footnotes":""},"categories":[28],"tags":[],"veiculo":[714],"ano":[1902],"eixos":[],"class_list":["post-44159","post","type-post","status-publish","format-standard","has-post-thumbnail","hentry","category-artigo-externo","veiculo-g1"],"_links":{"self":[{"href":"https:\/\/concertacaoamazonia.com.br\/en\/wp-json\/wp\/v2\/posts\/44159","targetHints":{"allow":["GET"]}}],"collection":[{"href":"https:\/\/concertacaoamazonia.com.br\/en\/wp-json\/wp\/v2\/posts"}],"about":[{"href":"https:\/\/concertacaoamazonia.com.br\/en\/wp-json\/wp\/v2\/types\/post"}],"author":[{"embeddable":true,"href":"https:\/\/concertacaoamazonia.com.br\/en\/wp-json\/wp\/v2\/users\/226"}],"replies":[{"embeddable":true,"href":"https:\/\/concertacaoamazonia.com.br\/en\/wp-json\/wp\/v2\/comments?post=44159"}],"version-history":[{"count":0,"href":"https:\/\/concertacaoamazonia.com.br\/en\/wp-json\/wp\/v2\/posts\/44159\/revisions"}],"wp:featuredmedia":[{"embeddable":true,"href":"https:\/\/concertacaoamazonia.com.br\/en\/wp-json\/wp\/v2\/media\/44160"}],"wp:attachment":[{"href":"https:\/\/concertacaoamazonia.com.br\/en\/wp-json\/wp\/v2\/media?parent=44159"}],"wp:term":[{"taxonomy":"category","embeddable":true,"href":"https:\/\/concertacaoamazonia.com.br\/en\/wp-json\/wp\/v2\/categories?post=44159"},{"taxonomy":"post_tag","embeddable":true,"href":"https:\/\/concertacaoamazonia.com.br\/en\/wp-json\/wp\/v2\/tags?post=44159"},{"taxonomy":"veiculo","embeddable":true,"href":"https:\/\/concertacaoamazonia.com.br\/en\/wp-json\/wp\/v2\/veiculo?post=44159"},{"taxonomy":"ano","embeddable":true,"href":"https:\/\/concertacaoamazonia.com.br\/en\/wp-json\/wp\/v2\/ano?post=44159"},{"taxonomy":"eixos","embeddable":true,"href":"https:\/\/concertacaoamazonia.com.br\/en\/wp-json\/wp\/v2\/eixos?post=44159"}],"curies":[{"name":"wp","href":"https:\/\/api.w.org\/{rel}","templated":true}]}}