{"id":44155,"date":"2023-06-26T13:22:48","date_gmt":"2023-06-26T16:22:48","guid":{"rendered":"https:\/\/concertacaoamazonia.com.br\/?p=44155"},"modified":"2023-06-26T13:41:10","modified_gmt":"2023-06-26T16:41:10","slug":"nova-economia-da-amazonia-pode-adicionar-r-40-bilhoes-ao-pib-em-2050","status":"publish","type":"post","link":"https:\/\/concertacaoamazonia.com.br\/en\/2023\/06\/26\/nova-economia-da-amazonia-pode-adicionar-r-40-bilhoes-ao-pib-em-2050\/","title":{"rendered":"Nova Economia da Amaz\u00f4nia pode adicionar R$ 40 bilh\u00f5es ao PIB em 2050"},"content":{"rendered":"\n<p>Pesquisa aponta potencial econ\u00f4mico da Amaz\u00f4nia a partir de pr\u00e1ticas de preserva\u00e7\u00e3o e restaura\u00e7\u00e3o<\/p>\n\n\n\n<p><a href=\"https:\/\/api.whatsapp.com\/send?text=Nova%20Economia%20da%20Amaz%C3%B4nia%20pode%20adicionar%20R%24%2040%20bilh%C3%B5es%20ao%20PIB%20em%202050%20https%3A%2F%2Fexame.com%2Fesg%2Fnova-economia-da-amazonia-pode-adicionar-r-40-bilhoes-ao-pib-em-2050%2F?utm_source%3Dwhatsapp%26utm_medium%3Dsocial%26utm_campaign%3Dbarra-compartilhamento%20via%20Exame\" target=\"_blank\" rel=\"noreferrer noopener\"><\/a><a href=\"https:\/\/facebook.com\/sharer\/sharer.php?u=https:\/\/exame.com\/esg\/nova-economia-da-amazonia-pode-adicionar-r-40-bilhoes-ao-pib-em-2050\/\" target=\"_blank\" rel=\"noreferrer noopener\"><\/a><a href=\"http:\/\/www.linkedin.com\/shareArticle?mini=true&amp;url=https:\/\/exame.com\/esg\/nova-economia-da-amazonia-pode-adicionar-r-40-bilhoes-ao-pib-em-2050\/\" target=\"_blank\" rel=\"noreferrer noopener\"><\/a><a href=\"https:\/\/t.me\/share\/url?url=https:\/\/exame.com\/esg\/nova-economia-da-amazonia-pode-adicionar-r-40-bilhoes-ao-pib-em-2050\/&amp;text=Nova%20Economia%20da%20Amaz%C3%B4nia%20pode%20adicionar%20R$%2040%20bilh%C3%B5es%20ao%20PIB%20em%202050\" target=\"_blank\" rel=\"noreferrer noopener\"><\/a><a href=\"https:\/\/twitter.com\/intent\/tweet?url=https:\/\/exame.com\/esg\/nova-economia-da-amazonia-pode-adicionar-r-40-bilhoes-ao-pib-em-2050\/\" target=\"_blank\" rel=\"noreferrer noopener\"><\/a><a><\/a><\/p>\n","protected":false},"excerpt":{"rendered":"<p>A Nova Economia da Amaz\u00f4nia (NEA), orientada pelo Acordo de Paris, desmatamento zero e restaura\u00e7\u00e3o florestal, por exemplo, chega em 2050 com PIB de R$ 40 bilh\u00f5es superior ao referencial, 312 mil empregos adicionais, al\u00e9m de 81 milh\u00f5es de hectares de florestas e 19% de estoque de carbono a mais, \u00e9 o que aponta o estudo A Nova Economia da Amaz\u00f4nia, apresentado nesta ter\u00e7a-feira, 20, na Confer\u00eancia Panamaz\u00f4nica de Bioeconomia.<\/p>\n","protected":false},"author":226,"featured_media":44156,"comment_status":"closed","ping_status":"closed","sticky":false,"template":"","format":"standard","meta":{"footnotes":""},"categories":[28],"tags":[],"veiculo":[1974],"ano":[1902],"eixos":[],"class_list":["post-44155","post","type-post","status-publish","format-standard","has-post-thumbnail","hentry","category-artigo-externo","veiculo-exame-com"],"_links":{"self":[{"href":"https:\/\/concertacaoamazonia.com.br\/en\/wp-json\/wp\/v2\/posts\/44155","targetHints":{"allow":["GET"]}}],"collection":[{"href":"https:\/\/concertacaoamazonia.com.br\/en\/wp-json\/wp\/v2\/posts"}],"about":[{"href":"https:\/\/concertacaoamazonia.com.br\/en\/wp-json\/wp\/v2\/types\/post"}],"author":[{"embeddable":true,"href":"https:\/\/concertacaoamazonia.com.br\/en\/wp-json\/wp\/v2\/users\/226"}],"replies":[{"embeddable":true,"href":"https:\/\/concertacaoamazonia.com.br\/en\/wp-json\/wp\/v2\/comments?post=44155"}],"version-history":[{"count":0,"href":"https:\/\/concertacaoamazonia.com.br\/en\/wp-json\/wp\/v2\/posts\/44155\/revisions"}],"wp:featuredmedia":[{"embeddable":true,"href":"https:\/\/concertacaoamazonia.com.br\/en\/wp-json\/wp\/v2\/media\/44156"}],"wp:attachment":[{"href":"https:\/\/concertacaoamazonia.com.br\/en\/wp-json\/wp\/v2\/media?parent=44155"}],"wp:term":[{"taxonomy":"category","embeddable":true,"href":"https:\/\/concertacaoamazonia.com.br\/en\/wp-json\/wp\/v2\/categories?post=44155"},{"taxonomy":"post_tag","embeddable":true,"href":"https:\/\/concertacaoamazonia.com.br\/en\/wp-json\/wp\/v2\/tags?post=44155"},{"taxonomy":"veiculo","embeddable":true,"href":"https:\/\/concertacaoamazonia.com.br\/en\/wp-json\/wp\/v2\/veiculo?post=44155"},{"taxonomy":"ano","embeddable":true,"href":"https:\/\/concertacaoamazonia.com.br\/en\/wp-json\/wp\/v2\/ano?post=44155"},{"taxonomy":"eixos","embeddable":true,"href":"https:\/\/concertacaoamazonia.com.br\/en\/wp-json\/wp\/v2\/eixos?post=44155"}],"curies":[{"name":"wp","href":"https:\/\/api.w.org\/{rel}","templated":true}]}}