{"id":44034,"date":"2023-06-19T10:25:47","date_gmt":"2023-06-19T13:25:47","guid":{"rendered":"https:\/\/concertacaoamazonia.com.br\/?p=44034"},"modified":"2023-06-26T13:50:03","modified_gmt":"2023-06-26T16:50:03","slug":"a-palavra-sempre-acha-um-jeito","status":"publish","type":"post","link":"https:\/\/concertacaoamazonia.com.br\/en\/2023\/06\/19\/a-palavra-sempre-acha-um-jeito\/","title":{"rendered":"A palavra sempre acha um jeito"},"content":{"rendered":"\n<p><em>Literatura foi o principal tema do segundo<\/em>\u00a0webinar<em>\u00a0da s\u00e9rie Notas Amaz\u00f4nicas, promovida pela rede Uma Concerta\u00e7\u00e3o pela Amaz\u00f4nia, em parceria com a\u00a0<\/em>P\u00e1gina22<em>. O evento procurou entender o papel da cultura e das artes na constru\u00e7\u00e3o de imagin\u00e1rios amaz\u00f4nicos e at\u00e9 que ponto isso se conecta com o desenvolvimento da regi\u00e3o<\/em><\/p>\n","protected":false},"excerpt":{"rendered":"<p>A palavra falada ou escrita sempre acha um jeito de tocar as pessoas e, ao toc\u00e1-las, provoca sensa\u00e7\u00f5es e alimenta imagina\u00e7\u00f5es sobre realidades muitas vezes distantes e desconhecidas. Uma boa parte da popula\u00e7\u00e3o brasileira, por exemplo, nunca visitou a Regi\u00e3o Amaz\u00f4nica, mas ouve ou l\u00ea hist\u00f3rias sobre esse imenso territ\u00f3rio e cultiva um imagin\u00e1rio que pode \u2013 ou n\u00e3o \u2013 se parecer com as m\u00faltiplas realidades locais.<\/p>\n","protected":false},"author":226,"featured_media":44035,"comment_status":"closed","ping_status":"closed","sticky":false,"template":"","format":"standard","meta":{"footnotes":""},"categories":[28],"tags":[],"veiculo":[1872],"ano":[1902],"eixos":[],"class_list":["post-44034","post","type-post","status-publish","format-standard","has-post-thumbnail","hentry","category-artigo-externo","veiculo-pagina-22-en-2"],"_links":{"self":[{"href":"https:\/\/concertacaoamazonia.com.br\/en\/wp-json\/wp\/v2\/posts\/44034","targetHints":{"allow":["GET"]}}],"collection":[{"href":"https:\/\/concertacaoamazonia.com.br\/en\/wp-json\/wp\/v2\/posts"}],"about":[{"href":"https:\/\/concertacaoamazonia.com.br\/en\/wp-json\/wp\/v2\/types\/post"}],"author":[{"embeddable":true,"href":"https:\/\/concertacaoamazonia.com.br\/en\/wp-json\/wp\/v2\/users\/226"}],"replies":[{"embeddable":true,"href":"https:\/\/concertacaoamazonia.com.br\/en\/wp-json\/wp\/v2\/comments?post=44034"}],"version-history":[{"count":0,"href":"https:\/\/concertacaoamazonia.com.br\/en\/wp-json\/wp\/v2\/posts\/44034\/revisions"}],"wp:featuredmedia":[{"embeddable":true,"href":"https:\/\/concertacaoamazonia.com.br\/en\/wp-json\/wp\/v2\/media\/44035"}],"wp:attachment":[{"href":"https:\/\/concertacaoamazonia.com.br\/en\/wp-json\/wp\/v2\/media?parent=44034"}],"wp:term":[{"taxonomy":"category","embeddable":true,"href":"https:\/\/concertacaoamazonia.com.br\/en\/wp-json\/wp\/v2\/categories?post=44034"},{"taxonomy":"post_tag","embeddable":true,"href":"https:\/\/concertacaoamazonia.com.br\/en\/wp-json\/wp\/v2\/tags?post=44034"},{"taxonomy":"veiculo","embeddable":true,"href":"https:\/\/concertacaoamazonia.com.br\/en\/wp-json\/wp\/v2\/veiculo?post=44034"},{"taxonomy":"ano","embeddable":true,"href":"https:\/\/concertacaoamazonia.com.br\/en\/wp-json\/wp\/v2\/ano?post=44034"},{"taxonomy":"eixos","embeddable":true,"href":"https:\/\/concertacaoamazonia.com.br\/en\/wp-json\/wp\/v2\/eixos?post=44034"}],"curies":[{"name":"wp","href":"https:\/\/api.w.org\/{rel}","templated":true}]}}