{"id":43873,"date":"2023-06-14T19:56:50","date_gmt":"2023-06-14T22:56:50","guid":{"rendered":"https:\/\/concertacaoamazonia.com.br\/?p=43873"},"modified":"2023-06-14T19:56:52","modified_gmt":"2023-06-14T22:56:52","slug":"desmatamento-nos-biomas-brasileiros-cresce-22-em-2022-aponta-levantamento-do-mapbiomas","status":"publish","type":"post","link":"https:\/\/concertacaoamazonia.com.br\/en\/2023\/06\/14\/desmatamento-nos-biomas-brasileiros-cresce-22-em-2022-aponta-levantamento-do-mapbiomas\/","title":{"rendered":"Desmatamento nos biomas brasileiros cresce 22% em 2022, aponta levantamento do MapBiomas"},"content":{"rendered":"\n<p>O desmatamento nos biomas brasileiros cresceu 22,3% em 2022, superando dois milh\u00f5es de hectares destru\u00eddos em um ano (equivalente a 90% da \u00e1rea do estado de Sergipe). S\u00f3 na Amaz\u00f4nia, cerca de 21 \u00e1rvores foram derrubadas a cada segundo. \u00c9 o que aponta o Relat\u00f3rio Anual de Desmatamento no Brasil (RAD), do MapBiomas.<\/p>\n","protected":false},"excerpt":{"rendered":"<p>O desmatamento nos biomas brasileiros cresceu 22,3% em 2022, superando dois milh\u00f5es de hectares destru\u00eddos em um ano (equivalente a 90% da \u00e1rea do estado de Sergipe). S\u00f3 na Amaz\u00f4nia, cerca de 21 \u00e1rvores foram derrubadas a cada segundo. \u00c9 o que aponta o Relat\u00f3rio Anual de Desmatamento no Brasil (RAD), do MapBiomas.<\/p>\n","protected":false},"author":226,"featured_media":43879,"comment_status":"closed","ping_status":"closed","sticky":false,"template":"","format":"standard","meta":{"footnotes":""},"categories":[28],"tags":[],"veiculo":[714],"ano":[1902],"eixos":[],"class_list":["post-43873","post","type-post","status-publish","format-standard","has-post-thumbnail","hentry","category-artigo-externo","veiculo-g1"],"_links":{"self":[{"href":"https:\/\/concertacaoamazonia.com.br\/en\/wp-json\/wp\/v2\/posts\/43873","targetHints":{"allow":["GET"]}}],"collection":[{"href":"https:\/\/concertacaoamazonia.com.br\/en\/wp-json\/wp\/v2\/posts"}],"about":[{"href":"https:\/\/concertacaoamazonia.com.br\/en\/wp-json\/wp\/v2\/types\/post"}],"author":[{"embeddable":true,"href":"https:\/\/concertacaoamazonia.com.br\/en\/wp-json\/wp\/v2\/users\/226"}],"replies":[{"embeddable":true,"href":"https:\/\/concertacaoamazonia.com.br\/en\/wp-json\/wp\/v2\/comments?post=43873"}],"version-history":[{"count":0,"href":"https:\/\/concertacaoamazonia.com.br\/en\/wp-json\/wp\/v2\/posts\/43873\/revisions"}],"wp:featuredmedia":[{"embeddable":true,"href":"https:\/\/concertacaoamazonia.com.br\/en\/wp-json\/wp\/v2\/media\/43879"}],"wp:attachment":[{"href":"https:\/\/concertacaoamazonia.com.br\/en\/wp-json\/wp\/v2\/media?parent=43873"}],"wp:term":[{"taxonomy":"category","embeddable":true,"href":"https:\/\/concertacaoamazonia.com.br\/en\/wp-json\/wp\/v2\/categories?post=43873"},{"taxonomy":"post_tag","embeddable":true,"href":"https:\/\/concertacaoamazonia.com.br\/en\/wp-json\/wp\/v2\/tags?post=43873"},{"taxonomy":"veiculo","embeddable":true,"href":"https:\/\/concertacaoamazonia.com.br\/en\/wp-json\/wp\/v2\/veiculo?post=43873"},{"taxonomy":"ano","embeddable":true,"href":"https:\/\/concertacaoamazonia.com.br\/en\/wp-json\/wp\/v2\/ano?post=43873"},{"taxonomy":"eixos","embeddable":true,"href":"https:\/\/concertacaoamazonia.com.br\/en\/wp-json\/wp\/v2\/eixos?post=43873"}],"curies":[{"name":"wp","href":"https:\/\/api.w.org\/{rel}","templated":true}]}}