{"id":43803,"date":"2023-06-13T19:37:26","date_gmt":"2023-06-13T22:37:26","guid":{"rendered":"https:\/\/concertacaoamazonia.com.br\/?p=43803"},"modified":"2023-06-26T13:50:24","modified_gmt":"2023-06-26T16:50:24","slug":"desmatamento-cresce-22-em-2022-e-area-devastada-e-a-maior-dos-ultimos-quatro-anos-aponta-relatorio","status":"publish","type":"post","link":"https:\/\/concertacaoamazonia.com.br\/en\/2023\/06\/13\/desmatamento-cresce-22-em-2022-e-area-devastada-e-a-maior-dos-ultimos-quatro-anos-aponta-relatorio\/","title":{"rendered":"Desmatamento cresce 22% em 2022 e \u00e1rea devastada \u00e9 a maior dos \u00faltimos quatro anos, aponta relat\u00f3rio"},"content":{"rendered":"\n<p>O\u00a0desmatamento\u00a0no Brasil cresceu 22,3% no ano passado em rela\u00e7\u00e3o a 2021, superando 2 milh\u00f5es de hectares destru\u00eddos em apenas 12 meses. Isso significa dizer que, em 2022, 21 \u00e1rvores foram derrubadas a cada segundo somente na Amaz\u00f4nia.<\/p>\n","protected":false},"excerpt":{"rendered":"<p>O desmatamento no Brasil cresceu 22,3% no ano passado em rela\u00e7\u00e3o a 2021, superando 2 milh\u00f5es de hectares destru\u00eddos em apenas 12 meses. Isso significa dizer que, em 2022, 21 \u00e1rvores foram derrubadas a cada segundo somente na Amaz\u00f4nia.<\/p>\n<p>Os dados est\u00e3o no mais recente Relat\u00f3rio Anual de Desmatamento (RAD2022), divulgado nesta segunda-feira, 12, pelo MapBiomas, iniciativa do Observat\u00f3rio do Clima conduzida por uma rede de universidades, ONGs e empresas de tecnologia. Quilombos e terras ind\u00edgenas seguem sendo as \u00e1reas mais bem preservadas do Brasil.<\/p>\n","protected":false},"author":226,"featured_media":43382,"comment_status":"closed","ping_status":"closed","sticky":false,"template":"","format":"standard","meta":{"footnotes":""},"categories":[28],"tags":[],"veiculo":[711],"ano":[1902],"eixos":[],"class_list":["post-43803","post","type-post","status-publish","format-standard","has-post-thumbnail","hentry","category-artigo-externo","veiculo-estadao"],"_links":{"self":[{"href":"https:\/\/concertacaoamazonia.com.br\/en\/wp-json\/wp\/v2\/posts\/43803","targetHints":{"allow":["GET"]}}],"collection":[{"href":"https:\/\/concertacaoamazonia.com.br\/en\/wp-json\/wp\/v2\/posts"}],"about":[{"href":"https:\/\/concertacaoamazonia.com.br\/en\/wp-json\/wp\/v2\/types\/post"}],"author":[{"embeddable":true,"href":"https:\/\/concertacaoamazonia.com.br\/en\/wp-json\/wp\/v2\/users\/226"}],"replies":[{"embeddable":true,"href":"https:\/\/concertacaoamazonia.com.br\/en\/wp-json\/wp\/v2\/comments?post=43803"}],"version-history":[{"count":0,"href":"https:\/\/concertacaoamazonia.com.br\/en\/wp-json\/wp\/v2\/posts\/43803\/revisions"}],"wp:featuredmedia":[{"embeddable":true,"href":"https:\/\/concertacaoamazonia.com.br\/en\/wp-json\/wp\/v2\/media\/43382"}],"wp:attachment":[{"href":"https:\/\/concertacaoamazonia.com.br\/en\/wp-json\/wp\/v2\/media?parent=43803"}],"wp:term":[{"taxonomy":"category","embeddable":true,"href":"https:\/\/concertacaoamazonia.com.br\/en\/wp-json\/wp\/v2\/categories?post=43803"},{"taxonomy":"post_tag","embeddable":true,"href":"https:\/\/concertacaoamazonia.com.br\/en\/wp-json\/wp\/v2\/tags?post=43803"},{"taxonomy":"veiculo","embeddable":true,"href":"https:\/\/concertacaoamazonia.com.br\/en\/wp-json\/wp\/v2\/veiculo?post=43803"},{"taxonomy":"ano","embeddable":true,"href":"https:\/\/concertacaoamazonia.com.br\/en\/wp-json\/wp\/v2\/ano?post=43803"},{"taxonomy":"eixos","embeddable":true,"href":"https:\/\/concertacaoamazonia.com.br\/en\/wp-json\/wp\/v2\/eixos?post=43803"}],"curies":[{"name":"wp","href":"https:\/\/api.w.org\/{rel}","templated":true}]}}