{"id":43744,"date":"2023-06-05T10:08:07","date_gmt":"2023-06-05T13:08:07","guid":{"rendered":"https:\/\/concertacaoamazonia.com.br\/?p=43744"},"modified":"2023-06-26T13:53:48","modified_gmt":"2023-06-26T16:53:48","slug":"o-quebra-cabecas-na-bioeconomia","status":"publish","type":"post","link":"https:\/\/concertacaoamazonia.com.br\/en\/2023\/06\/05\/o-quebra-cabecas-na-bioeconomia\/","title":{"rendered":"O quebra-cabe\u00e7as na bioeconomia"},"content":{"rendered":"\n<p>Consolidou-se, ao longo da \u00faltima d\u00e9cada, o entendimento de que \u00e9 poss\u00edvel manter a floresta em p\u00e9 e, ao mesmo tempo, viabilizar processos econ\u00f4micos que geram renda \u00e0s comunidades locais, tornando-as aliadas na miss\u00e3o de conservar a infraestrutura natural. Essa \u00e9 a ess\u00eancia da bioeconomia \u2013 uma teoria perfeita, mas que, na pr\u00e1tica, enfrenta muitas dificuldades para ganhar escala no Brasil.<\/p>\n","protected":false},"excerpt":{"rendered":"<p>\u201cTodas as pe\u00e7as necess\u00e1rias j\u00e1 est\u00e3o sobre a mesa. S\u00f3 falta montar o quebra-cabe\u00e7a\u201d, diz Salo Coslovsky, integrante do projeto Amaz\u00f4nia 2030, iniciativa de um grupo de pesquisadores para criar um plano de desenvolvimento sustent\u00e1vel para a Amaz\u00f4nia brasileira. \u201cTemos florestas, \u00e1reas desmatadas que podem ser recuperadas, comunidades com conhecimentos tradicionais, produtos relevantes, empresas que querem investir e interesse internacional por produtos da nossa bioeconomia\u201d, descreve o professor da Universidade de Nova York (NYU), onde leciona disciplinas de planejamento urbano e desenvolvimento econ\u00f4mico.<\/p>\n","protected":false},"author":226,"featured_media":43745,"comment_status":"closed","ping_status":"closed","sticky":false,"template":"","format":"standard","meta":{"footnotes":""},"categories":[28],"tags":[],"veiculo":[711],"ano":[1902],"eixos":[],"class_list":["post-43744","post","type-post","status-publish","format-standard","has-post-thumbnail","hentry","category-artigo-externo","veiculo-estadao"],"_links":{"self":[{"href":"https:\/\/concertacaoamazonia.com.br\/en\/wp-json\/wp\/v2\/posts\/43744","targetHints":{"allow":["GET"]}}],"collection":[{"href":"https:\/\/concertacaoamazonia.com.br\/en\/wp-json\/wp\/v2\/posts"}],"about":[{"href":"https:\/\/concertacaoamazonia.com.br\/en\/wp-json\/wp\/v2\/types\/post"}],"author":[{"embeddable":true,"href":"https:\/\/concertacaoamazonia.com.br\/en\/wp-json\/wp\/v2\/users\/226"}],"replies":[{"embeddable":true,"href":"https:\/\/concertacaoamazonia.com.br\/en\/wp-json\/wp\/v2\/comments?post=43744"}],"version-history":[{"count":0,"href":"https:\/\/concertacaoamazonia.com.br\/en\/wp-json\/wp\/v2\/posts\/43744\/revisions"}],"wp:featuredmedia":[{"embeddable":true,"href":"https:\/\/concertacaoamazonia.com.br\/en\/wp-json\/wp\/v2\/media\/43745"}],"wp:attachment":[{"href":"https:\/\/concertacaoamazonia.com.br\/en\/wp-json\/wp\/v2\/media?parent=43744"}],"wp:term":[{"taxonomy":"category","embeddable":true,"href":"https:\/\/concertacaoamazonia.com.br\/en\/wp-json\/wp\/v2\/categories?post=43744"},{"taxonomy":"post_tag","embeddable":true,"href":"https:\/\/concertacaoamazonia.com.br\/en\/wp-json\/wp\/v2\/tags?post=43744"},{"taxonomy":"veiculo","embeddable":true,"href":"https:\/\/concertacaoamazonia.com.br\/en\/wp-json\/wp\/v2\/veiculo?post=43744"},{"taxonomy":"ano","embeddable":true,"href":"https:\/\/concertacaoamazonia.com.br\/en\/wp-json\/wp\/v2\/ano?post=43744"},{"taxonomy":"eixos","embeddable":true,"href":"https:\/\/concertacaoamazonia.com.br\/en\/wp-json\/wp\/v2\/eixos?post=43744"}],"curies":[{"name":"wp","href":"https:\/\/api.w.org\/{rel}","templated":true}]}}