{"id":43191,"date":"2023-05-10T11:22:00","date_gmt":"2023-05-10T14:22:00","guid":{"rendered":"https:\/\/concertacaoamazonia.com.br\/?p=43191"},"modified":"2023-06-26T13:45:26","modified_gmt":"2023-06-26T16:45:26","slug":"combate-a-desinformacao-na-amazonia-e-seus-defensores","status":"publish","type":"post","link":"https:\/\/concertacaoamazonia.com.br\/en\/2023\/05\/10\/combate-a-desinformacao-na-amazonia-e-seus-defensores\/","title":{"rendered":"Combate \u00e0 desinforma\u00e7\u00e3o na Amaz\u00f4nia e seus defensores"},"content":{"rendered":"\n<p>Foi lan\u00e7ado na manh\u00e3 da ter\u00e7a-feira, 25, o relat\u00f3rio \u201cCombate \u00e0 desinforma\u00e7\u00e3o na Amaz\u00f4nia e seus defensores\u201d, produzido pelo grupo de trabalho de Combate \u00e0 Desinforma\u00e7\u00e3o e Discurso de \u00d3dio na Amaz\u00f4nia Legal, uma iniciativa do Intervozes e outras 10 organiza\u00e7\u00f5es, sendo oito amaz\u00f4nidas.<\/p>\n","protected":false},"excerpt":{"rendered":"<p>Foi lan\u00e7ado na manh\u00e3 da ter\u00e7a-feira, 25, o relat\u00f3rio \u201cCombate \u00e0 desinforma\u00e7\u00e3o na Amaz\u00f4nia e seus defensores\u201d, produzido pelo grupo de trabalho de Combate \u00e0 Desinforma\u00e7\u00e3o e Discurso de \u00d3dio na Amaz\u00f4nia Legal, uma iniciativa do Intervozes e outras 10 organiza\u00e7\u00f5es, sendo oito amaz\u00f4nidas. O documento re\u00fane os dados sobre p\u00e1ginas e perfis que circulam pela regi\u00e3o e aponta um outro olhar sobre o que \u00e9 a desinforma\u00e7\u00e3o socioambiental. O evento foi transmitido pelo YouTube.<\/p>\n","protected":false},"author":226,"featured_media":43115,"comment_status":"closed","ping_status":"closed","sticky":false,"template":"","format":"standard","meta":{"footnotes":""},"categories":[28],"tags":[],"veiculo":[1979],"ano":[1902],"eixos":[],"class_list":["post-43191","post","type-post","status-publish","format-standard","has-post-thumbnail","hentry","category-artigo-externo","veiculo-desinformante"],"_links":{"self":[{"href":"https:\/\/concertacaoamazonia.com.br\/en\/wp-json\/wp\/v2\/posts\/43191","targetHints":{"allow":["GET"]}}],"collection":[{"href":"https:\/\/concertacaoamazonia.com.br\/en\/wp-json\/wp\/v2\/posts"}],"about":[{"href":"https:\/\/concertacaoamazonia.com.br\/en\/wp-json\/wp\/v2\/types\/post"}],"author":[{"embeddable":true,"href":"https:\/\/concertacaoamazonia.com.br\/en\/wp-json\/wp\/v2\/users\/226"}],"replies":[{"embeddable":true,"href":"https:\/\/concertacaoamazonia.com.br\/en\/wp-json\/wp\/v2\/comments?post=43191"}],"version-history":[{"count":0,"href":"https:\/\/concertacaoamazonia.com.br\/en\/wp-json\/wp\/v2\/posts\/43191\/revisions"}],"wp:featuredmedia":[{"embeddable":true,"href":"https:\/\/concertacaoamazonia.com.br\/en\/wp-json\/wp\/v2\/media\/43115"}],"wp:attachment":[{"href":"https:\/\/concertacaoamazonia.com.br\/en\/wp-json\/wp\/v2\/media?parent=43191"}],"wp:term":[{"taxonomy":"category","embeddable":true,"href":"https:\/\/concertacaoamazonia.com.br\/en\/wp-json\/wp\/v2\/categories?post=43191"},{"taxonomy":"post_tag","embeddable":true,"href":"https:\/\/concertacaoamazonia.com.br\/en\/wp-json\/wp\/v2\/tags?post=43191"},{"taxonomy":"veiculo","embeddable":true,"href":"https:\/\/concertacaoamazonia.com.br\/en\/wp-json\/wp\/v2\/veiculo?post=43191"},{"taxonomy":"ano","embeddable":true,"href":"https:\/\/concertacaoamazonia.com.br\/en\/wp-json\/wp\/v2\/ano?post=43191"},{"taxonomy":"eixos","embeddable":true,"href":"https:\/\/concertacaoamazonia.com.br\/en\/wp-json\/wp\/v2\/eixos?post=43191"}],"curies":[{"name":"wp","href":"https:\/\/api.w.org\/{rel}","templated":true}]}}