{"id":41199,"date":"2023-04-28T16:05:22","date_gmt":"2023-04-28T19:05:22","guid":{"rendered":"https:\/\/concertacaoamazonia.com.br\/?p=41199"},"modified":"2023-04-28T16:05:26","modified_gmt":"2023-04-28T19:05:26","slug":"presidente-homologa-seis-terras-indigenas","status":"publish","type":"post","link":"https:\/\/concertacaoamazonia.com.br\/en\/2023\/04\/28\/presidente-homologa-seis-terras-indigenas\/","title":{"rendered":"Presidente homologa seis terras ind\u00edgenas"},"content":{"rendered":"\n<p>Decretos ser\u00e3o assinados durante o ato de encerramento do Acampamento Terra Livre 2023, em Bras\u00edlia (DF), nesta sexta-feira, 28\/4<\/p>\n","protected":false},"excerpt":{"rendered":"<p>O presidente da Rep\u00fablica, Luiz In\u00e1cio Lula da Silva, e a ministra dos Povos Ind\u00edgenas, Sonia Guajajara, participam nesta sexta-feira (28\/4), a partir das 10h, do encerramento do Acampamento Terra Livre 2023. No ato, o presidente assinar\u00e1 decretos de homologa\u00e7\u00e3o de seis terras ind\u00edgenas, em seis estados brasileiros. O evento ser\u00e1 na Pra\u00e7a da Cidadania (ao lado do Teatro Nacional, entre as vias N1 e N2), em Bras\u00edlia (DF). <\/p>\n","protected":false},"author":226,"featured_media":41200,"comment_status":"closed","ping_status":"closed","sticky":false,"template":"","format":"standard","meta":{"footnotes":""},"categories":[28],"tags":[],"veiculo":[716],"ano":[1902],"eixos":[],"class_list":["post-41199","post","type-post","status-publish","format-standard","has-post-thumbnail","hentry","category-artigo-externo","veiculo-governo-federal"],"_links":{"self":[{"href":"https:\/\/concertacaoamazonia.com.br\/en\/wp-json\/wp\/v2\/posts\/41199","targetHints":{"allow":["GET"]}}],"collection":[{"href":"https:\/\/concertacaoamazonia.com.br\/en\/wp-json\/wp\/v2\/posts"}],"about":[{"href":"https:\/\/concertacaoamazonia.com.br\/en\/wp-json\/wp\/v2\/types\/post"}],"author":[{"embeddable":true,"href":"https:\/\/concertacaoamazonia.com.br\/en\/wp-json\/wp\/v2\/users\/226"}],"replies":[{"embeddable":true,"href":"https:\/\/concertacaoamazonia.com.br\/en\/wp-json\/wp\/v2\/comments?post=41199"}],"version-history":[{"count":0,"href":"https:\/\/concertacaoamazonia.com.br\/en\/wp-json\/wp\/v2\/posts\/41199\/revisions"}],"wp:featuredmedia":[{"embeddable":true,"href":"https:\/\/concertacaoamazonia.com.br\/en\/wp-json\/wp\/v2\/media\/41200"}],"wp:attachment":[{"href":"https:\/\/concertacaoamazonia.com.br\/en\/wp-json\/wp\/v2\/media?parent=41199"}],"wp:term":[{"taxonomy":"category","embeddable":true,"href":"https:\/\/concertacaoamazonia.com.br\/en\/wp-json\/wp\/v2\/categories?post=41199"},{"taxonomy":"post_tag","embeddable":true,"href":"https:\/\/concertacaoamazonia.com.br\/en\/wp-json\/wp\/v2\/tags?post=41199"},{"taxonomy":"veiculo","embeddable":true,"href":"https:\/\/concertacaoamazonia.com.br\/en\/wp-json\/wp\/v2\/veiculo?post=41199"},{"taxonomy":"ano","embeddable":true,"href":"https:\/\/concertacaoamazonia.com.br\/en\/wp-json\/wp\/v2\/ano?post=41199"},{"taxonomy":"eixos","embeddable":true,"href":"https:\/\/concertacaoamazonia.com.br\/en\/wp-json\/wp\/v2\/eixos?post=41199"}],"curies":[{"name":"wp","href":"https:\/\/api.w.org\/{rel}","templated":true}]}}