{"id":41112,"date":"2023-04-26T15:08:51","date_gmt":"2023-04-26T18:08:51","guid":{"rendered":"https:\/\/concertacaoamazonia.com.br\/?p=41112"},"modified":"2023-04-26T15:08:55","modified_gmt":"2023-04-26T18:08:55","slug":"a-diversidade-e-a-cultura-como-fortaleza-dos-povos-da-amazonia","status":"publish","type":"post","link":"https:\/\/concertacaoamazonia.com.br\/en\/2023\/04\/26\/a-diversidade-e-a-cultura-como-fortaleza-dos-povos-da-amazonia\/","title":{"rendered":"A diversidade e a cultura como fortaleza dos povos da Amaz\u00f4nia"},"content":{"rendered":"\n<p>&#8220;Trinta milh\u00f5es de brasileiros: a diversidade dos povos da Amaz\u00f4nia&#8221;, \u00e9 tema no Especial Amaz\u00f4nia, de EXAME. Confira a conversa com Ursula Vidal, \u00a0secret\u00e1ria de Cultura do Estado do Par\u00e1 e Fernanda Renn\u00f3, secret\u00e1ria da Uma Concerta\u00e7\u00e3o pela Amaz\u00f4nia<\/p>\n","protected":false},"excerpt":{"rendered":"<p>A Amaz\u00f4nia brasileira tem uma popula\u00e7\u00e3o extremamente diversa. &#8220;S\u00e3o trinta milh\u00f5es de brasileiros no territ\u00f3rio. E, apesar do imagin\u00e1rio coletivo, s\u00e3o 2% ind\u00edgenas e 98% entre quilombolas, ribeirinhos, extrativistas, popula\u00e7\u00e3o urbana em grandes e pequenas propriedades, etc&#8221;, diz Fernanda Renn\u00f3, consultora do Instituto Arapya\u00fa e secret\u00e1ria executiva da iniciativa Uma Concerta\u00e7\u00e3o pela Amaz\u00f4nia, no painel &#8220;Trinta milh\u00f5es de brasileiros: a diversidade dos povos da Amaz\u00f4nia&#8221;, no Especial Amaz\u00f4nia, de EXAME.<\/p>\n","protected":false},"author":226,"featured_media":41113,"comment_status":"closed","ping_status":"closed","sticky":false,"template":"","format":"standard","meta":{"footnotes":""},"categories":[28],"tags":[],"veiculo":[1974],"ano":[1902],"eixos":[],"class_list":["post-41112","post","type-post","status-publish","format-standard","has-post-thumbnail","hentry","category-artigo-externo","veiculo-exame-com"],"_links":{"self":[{"href":"https:\/\/concertacaoamazonia.com.br\/en\/wp-json\/wp\/v2\/posts\/41112","targetHints":{"allow":["GET"]}}],"collection":[{"href":"https:\/\/concertacaoamazonia.com.br\/en\/wp-json\/wp\/v2\/posts"}],"about":[{"href":"https:\/\/concertacaoamazonia.com.br\/en\/wp-json\/wp\/v2\/types\/post"}],"author":[{"embeddable":true,"href":"https:\/\/concertacaoamazonia.com.br\/en\/wp-json\/wp\/v2\/users\/226"}],"replies":[{"embeddable":true,"href":"https:\/\/concertacaoamazonia.com.br\/en\/wp-json\/wp\/v2\/comments?post=41112"}],"version-history":[{"count":0,"href":"https:\/\/concertacaoamazonia.com.br\/en\/wp-json\/wp\/v2\/posts\/41112\/revisions"}],"wp:featuredmedia":[{"embeddable":true,"href":"https:\/\/concertacaoamazonia.com.br\/en\/wp-json\/wp\/v2\/media\/41113"}],"wp:attachment":[{"href":"https:\/\/concertacaoamazonia.com.br\/en\/wp-json\/wp\/v2\/media?parent=41112"}],"wp:term":[{"taxonomy":"category","embeddable":true,"href":"https:\/\/concertacaoamazonia.com.br\/en\/wp-json\/wp\/v2\/categories?post=41112"},{"taxonomy":"post_tag","embeddable":true,"href":"https:\/\/concertacaoamazonia.com.br\/en\/wp-json\/wp\/v2\/tags?post=41112"},{"taxonomy":"veiculo","embeddable":true,"href":"https:\/\/concertacaoamazonia.com.br\/en\/wp-json\/wp\/v2\/veiculo?post=41112"},{"taxonomy":"ano","embeddable":true,"href":"https:\/\/concertacaoamazonia.com.br\/en\/wp-json\/wp\/v2\/ano?post=41112"},{"taxonomy":"eixos","embeddable":true,"href":"https:\/\/concertacaoamazonia.com.br\/en\/wp-json\/wp\/v2\/eixos?post=41112"}],"curies":[{"name":"wp","href":"https:\/\/api.w.org\/{rel}","templated":true}]}}