{"id":40064,"date":"2023-04-05T15:18:43","date_gmt":"2023-04-05T18:18:43","guid":{"rendered":"https:\/\/concertacaoamazonia.com.br\/?p=40064"},"modified":"2023-04-05T15:18:46","modified_gmt":"2023-04-05T18:18:46","slug":"governanca-fragil-e-obstaculo-no-combate-a-incendios-na-amazonia","status":"publish","type":"post","link":"https:\/\/concertacaoamazonia.com.br\/en\/2023\/04\/05\/governanca-fragil-e-obstaculo-no-combate-a-incendios-na-amazonia\/","title":{"rendered":"Governan\u00e7a fr\u00e1gil \u00e9 obst\u00e1culo no combate a inc\u00eandios na Amaz\u00f4nia"},"content":{"rendered":"\n<p>Estudo aponta a falta de articula\u00e7\u00e3o entre pol\u00edticas p\u00fablicas nacionais e regionais como uma das falhas de governan\u00e7a para o combate ao fogo<\/p>\n","protected":false},"excerpt":{"rendered":"<p>\u201cMorando no Acre, temos pouco ou nenhum protagonismo, principalmente quando se fala de meio ambiente. Vemos cientistas de outras regi\u00f5es e at\u00e9 de outros pa\u00edses falando da Amaz\u00f4nia, chamando a aten\u00e7\u00e3o para o tema, mas n\u00f3s, que moramos aqui, ficamos fora dessa governan\u00e7a.\u201d<\/p>\n<p>A fala da soci\u00f3loga Gleiciane Pismel, colaboradora do Centro Nacional de Monitoramento e Alertas de Desastres Naturais (CEMADEN), resume um dos muitos desafios para a gest\u00e3o do combate de inc\u00eandios na regi\u00e3o amaz\u00f4nica. Em geral, tentativas de solucionar o problema costumam ser ditadas \u201cde fora\u201d e n\u00e3o consideram particularidades locais. Esse descasamento entre global\/nacional e regional\/local acaba reduzindo as chances de \u00eaxito.<\/p>\n","protected":false},"author":226,"featured_media":40065,"comment_status":"closed","ping_status":"closed","sticky":false,"template":"","format":"standard","meta":{"footnotes":""},"categories":[28],"tags":[],"veiculo":[1852],"ano":[1902],"eixos":[],"class_list":["post-40064","post","type-post","status-publish","format-standard","has-post-thumbnail","hentry","category-artigo-externo","veiculo-plenamata"],"_links":{"self":[{"href":"https:\/\/concertacaoamazonia.com.br\/en\/wp-json\/wp\/v2\/posts\/40064","targetHints":{"allow":["GET"]}}],"collection":[{"href":"https:\/\/concertacaoamazonia.com.br\/en\/wp-json\/wp\/v2\/posts"}],"about":[{"href":"https:\/\/concertacaoamazonia.com.br\/en\/wp-json\/wp\/v2\/types\/post"}],"author":[{"embeddable":true,"href":"https:\/\/concertacaoamazonia.com.br\/en\/wp-json\/wp\/v2\/users\/226"}],"replies":[{"embeddable":true,"href":"https:\/\/concertacaoamazonia.com.br\/en\/wp-json\/wp\/v2\/comments?post=40064"}],"version-history":[{"count":0,"href":"https:\/\/concertacaoamazonia.com.br\/en\/wp-json\/wp\/v2\/posts\/40064\/revisions"}],"wp:featuredmedia":[{"embeddable":true,"href":"https:\/\/concertacaoamazonia.com.br\/en\/wp-json\/wp\/v2\/media\/40065"}],"wp:attachment":[{"href":"https:\/\/concertacaoamazonia.com.br\/en\/wp-json\/wp\/v2\/media?parent=40064"}],"wp:term":[{"taxonomy":"category","embeddable":true,"href":"https:\/\/concertacaoamazonia.com.br\/en\/wp-json\/wp\/v2\/categories?post=40064"},{"taxonomy":"post_tag","embeddable":true,"href":"https:\/\/concertacaoamazonia.com.br\/en\/wp-json\/wp\/v2\/tags?post=40064"},{"taxonomy":"veiculo","embeddable":true,"href":"https:\/\/concertacaoamazonia.com.br\/en\/wp-json\/wp\/v2\/veiculo?post=40064"},{"taxonomy":"ano","embeddable":true,"href":"https:\/\/concertacaoamazonia.com.br\/en\/wp-json\/wp\/v2\/ano?post=40064"},{"taxonomy":"eixos","embeddable":true,"href":"https:\/\/concertacaoamazonia.com.br\/en\/wp-json\/wp\/v2\/eixos?post=40064"}],"curies":[{"name":"wp","href":"https:\/\/api.w.org\/{rel}","templated":true}]}}