{"id":40029,"date":"2023-03-30T20:55:18","date_gmt":"2023-03-30T23:55:18","guid":{"rendered":"https:\/\/concertacaoamazonia.com.br\/?p=40029"},"modified":"2023-03-30T20:55:21","modified_gmt":"2023-03-30T23:55:21","slug":"presidente-da-apex-expoe-na-china-desmatamento-na-amazonia-diante-de-gigantes-do-agronegocio","status":"publish","type":"post","link":"https:\/\/concertacaoamazonia.com.br\/en\/2023\/03\/30\/presidente-da-apex-expoe-na-china-desmatamento-na-amazonia-diante-de-gigantes-do-agronegocio\/","title":{"rendered":"Presidente da Apex exp\u00f5e na China desmatamento na Amaz\u00f4nia diante de gigantes do agroneg\u00f3cio"},"content":{"rendered":"\n<p>Jorge Viana afirma que Brasil n\u00e3o deveria mais tentar esconder problemas ambientais no exterior, mas sim exibir iniciativas para reparar danos<\/p>\n","protected":false},"excerpt":{"rendered":"<p>Jorge Viana afirma que Brasil n\u00e3o deveria mais tentar esconder problemas ambientais no exterior, mas sim exibir iniciativas para reparar danos<\/p>\n","protected":false},"author":226,"featured_media":40030,"comment_status":"closed","ping_status":"closed","sticky":false,"template":"","format":"standard","meta":{"footnotes":""},"categories":[28],"tags":[],"veiculo":[711],"ano":[1902],"eixos":[],"class_list":["post-40029","post","type-post","status-publish","format-standard","has-post-thumbnail","hentry","category-artigo-externo","veiculo-estadao"],"_links":{"self":[{"href":"https:\/\/concertacaoamazonia.com.br\/en\/wp-json\/wp\/v2\/posts\/40029","targetHints":{"allow":["GET"]}}],"collection":[{"href":"https:\/\/concertacaoamazonia.com.br\/en\/wp-json\/wp\/v2\/posts"}],"about":[{"href":"https:\/\/concertacaoamazonia.com.br\/en\/wp-json\/wp\/v2\/types\/post"}],"author":[{"embeddable":true,"href":"https:\/\/concertacaoamazonia.com.br\/en\/wp-json\/wp\/v2\/users\/226"}],"replies":[{"embeddable":true,"href":"https:\/\/concertacaoamazonia.com.br\/en\/wp-json\/wp\/v2\/comments?post=40029"}],"version-history":[{"count":0,"href":"https:\/\/concertacaoamazonia.com.br\/en\/wp-json\/wp\/v2\/posts\/40029\/revisions"}],"wp:featuredmedia":[{"embeddable":true,"href":"https:\/\/concertacaoamazonia.com.br\/en\/wp-json\/wp\/v2\/media\/40030"}],"wp:attachment":[{"href":"https:\/\/concertacaoamazonia.com.br\/en\/wp-json\/wp\/v2\/media?parent=40029"}],"wp:term":[{"taxonomy":"category","embeddable":true,"href":"https:\/\/concertacaoamazonia.com.br\/en\/wp-json\/wp\/v2\/categories?post=40029"},{"taxonomy":"post_tag","embeddable":true,"href":"https:\/\/concertacaoamazonia.com.br\/en\/wp-json\/wp\/v2\/tags?post=40029"},{"taxonomy":"veiculo","embeddable":true,"href":"https:\/\/concertacaoamazonia.com.br\/en\/wp-json\/wp\/v2\/veiculo?post=40029"},{"taxonomy":"ano","embeddable":true,"href":"https:\/\/concertacaoamazonia.com.br\/en\/wp-json\/wp\/v2\/ano?post=40029"},{"taxonomy":"eixos","embeddable":true,"href":"https:\/\/concertacaoamazonia.com.br\/en\/wp-json\/wp\/v2\/eixos?post=40029"}],"curies":[{"name":"wp","href":"https:\/\/api.w.org\/{rel}","templated":true}]}}