{"id":39948,"date":"2023-03-23T11:59:47","date_gmt":"2023-03-23T14:59:47","guid":{"rendered":"https:\/\/concertacaoamazonia.com.br\/?p=39948"},"modified":"2023-03-23T11:59:50","modified_gmt":"2023-03-23T14:59:50","slug":"ipcc-acoes-urgentes-contra-mudancas-climaticas-ainda-podem-garantir-futuro-habitavel-na-terra","status":"publish","type":"post","link":"https:\/\/concertacaoamazonia.com.br\/en\/2023\/03\/23\/ipcc-acoes-urgentes-contra-mudancas-climaticas-ainda-podem-garantir-futuro-habitavel-na-terra\/","title":{"rendered":"IPCC: a\u00e7\u00f5es urgentes contra mudan\u00e7as clim\u00e1ticas ainda podem garantir \u2018futuro habit\u00e1vel\u2019 na Terra"},"content":{"rendered":"\n<p>Em novo relat\u00f3rio publicado nesta segunda-feira (20), painel da ONU faz um resumo final do consenso cient\u00edfico dos \u00faltimos anos sobre o aquecimento do planeta, mas alerta que ritmo atual das a\u00e7\u00f5es globais \u00e9 \u2018insuficiente\u2019.<\/p>\n","protected":false},"excerpt":{"rendered":"<p>Ap\u00f3s uma semana de negocia\u00e7\u00f5es, o IPCC, Painel Intergovernamental sobre Mudan\u00e7as Clim\u00e1ticas da ONU, divulgou nesta segunda-feira (20) o relat\u00f3rio s\u00edntese do seu atual ciclo de avalia\u00e7\u00f5es sobre o aquecimento global provocado pelo homem &#8211; o pr\u00f3ximo s\u00f3 deve ser publicado no final desta d\u00e9cada.<\/p>\n","protected":false},"author":226,"featured_media":39950,"comment_status":"closed","ping_status":"closed","sticky":false,"template":"","format":"standard","meta":{"footnotes":""},"categories":[28],"tags":[],"veiculo":[714],"ano":[1902],"eixos":[],"class_list":["post-39948","post","type-post","status-publish","format-standard","has-post-thumbnail","hentry","category-artigo-externo","veiculo-g1"],"_links":{"self":[{"href":"https:\/\/concertacaoamazonia.com.br\/en\/wp-json\/wp\/v2\/posts\/39948","targetHints":{"allow":["GET"]}}],"collection":[{"href":"https:\/\/concertacaoamazonia.com.br\/en\/wp-json\/wp\/v2\/posts"}],"about":[{"href":"https:\/\/concertacaoamazonia.com.br\/en\/wp-json\/wp\/v2\/types\/post"}],"author":[{"embeddable":true,"href":"https:\/\/concertacaoamazonia.com.br\/en\/wp-json\/wp\/v2\/users\/226"}],"replies":[{"embeddable":true,"href":"https:\/\/concertacaoamazonia.com.br\/en\/wp-json\/wp\/v2\/comments?post=39948"}],"version-history":[{"count":0,"href":"https:\/\/concertacaoamazonia.com.br\/en\/wp-json\/wp\/v2\/posts\/39948\/revisions"}],"wp:featuredmedia":[{"embeddable":true,"href":"https:\/\/concertacaoamazonia.com.br\/en\/wp-json\/wp\/v2\/media\/39950"}],"wp:attachment":[{"href":"https:\/\/concertacaoamazonia.com.br\/en\/wp-json\/wp\/v2\/media?parent=39948"}],"wp:term":[{"taxonomy":"category","embeddable":true,"href":"https:\/\/concertacaoamazonia.com.br\/en\/wp-json\/wp\/v2\/categories?post=39948"},{"taxonomy":"post_tag","embeddable":true,"href":"https:\/\/concertacaoamazonia.com.br\/en\/wp-json\/wp\/v2\/tags?post=39948"},{"taxonomy":"veiculo","embeddable":true,"href":"https:\/\/concertacaoamazonia.com.br\/en\/wp-json\/wp\/v2\/veiculo?post=39948"},{"taxonomy":"ano","embeddable":true,"href":"https:\/\/concertacaoamazonia.com.br\/en\/wp-json\/wp\/v2\/ano?post=39948"},{"taxonomy":"eixos","embeddable":true,"href":"https:\/\/concertacaoamazonia.com.br\/en\/wp-json\/wp\/v2\/eixos?post=39948"}],"curies":[{"name":"wp","href":"https:\/\/api.w.org\/{rel}","templated":true}]}}