{"id":39944,"date":"2023-03-22T17:37:39","date_gmt":"2023-03-22T20:37:39","guid":{"rendered":"https:\/\/concertacaoamazonia.com.br\/?p=39944"},"modified":"2023-03-22T17:37:43","modified_gmt":"2023-03-22T20:37:43","slug":"amazonia-reducao-da-pobreza-e-do-desmatamento-podem-coexistir","status":"publish","type":"post","link":"https:\/\/concertacaoamazonia.com.br\/en\/2023\/03\/22\/amazonia-reducao-da-pobreza-e-do-desmatamento-podem-coexistir\/","title":{"rendered":"Amaz\u00f4nia: redu\u00e7\u00e3o da pobreza e do desmatamento podem coexistir"},"content":{"rendered":"\n<p>Pesquisa aponta que as duas melhorias n\u00e3o s\u00e3o excludentes<\/p>\n","protected":false},"excerpt":{"rendered":"<p>De acordo com o estudo Como a bioeconomia pode combater a pobreza na Amaz\u00f4nia, o investimento em duas atividades \u2013 a horticultura e a recupera\u00e7\u00e3o florestal \u2013 pode reduzir a pobreza na regi\u00e3o promovendo cadeias produtivas que n\u00e3o destroem a floresta.<\/p>\n","protected":false},"author":226,"featured_media":39945,"comment_status":"closed","ping_status":"closed","sticky":false,"template":"","format":"standard","meta":{"footnotes":""},"categories":[28],"tags":[],"veiculo":[1913],"ano":[],"eixos":[],"class_list":["post-39944","post","type-post","status-publish","format-standard","has-post-thumbnail","hentry","category-artigo-externo","veiculo-agencia-brasil"],"_links":{"self":[{"href":"https:\/\/concertacaoamazonia.com.br\/en\/wp-json\/wp\/v2\/posts\/39944","targetHints":{"allow":["GET"]}}],"collection":[{"href":"https:\/\/concertacaoamazonia.com.br\/en\/wp-json\/wp\/v2\/posts"}],"about":[{"href":"https:\/\/concertacaoamazonia.com.br\/en\/wp-json\/wp\/v2\/types\/post"}],"author":[{"embeddable":true,"href":"https:\/\/concertacaoamazonia.com.br\/en\/wp-json\/wp\/v2\/users\/226"}],"replies":[{"embeddable":true,"href":"https:\/\/concertacaoamazonia.com.br\/en\/wp-json\/wp\/v2\/comments?post=39944"}],"version-history":[{"count":0,"href":"https:\/\/concertacaoamazonia.com.br\/en\/wp-json\/wp\/v2\/posts\/39944\/revisions"}],"wp:featuredmedia":[{"embeddable":true,"href":"https:\/\/concertacaoamazonia.com.br\/en\/wp-json\/wp\/v2\/media\/39945"}],"wp:attachment":[{"href":"https:\/\/concertacaoamazonia.com.br\/en\/wp-json\/wp\/v2\/media?parent=39944"}],"wp:term":[{"taxonomy":"category","embeddable":true,"href":"https:\/\/concertacaoamazonia.com.br\/en\/wp-json\/wp\/v2\/categories?post=39944"},{"taxonomy":"post_tag","embeddable":true,"href":"https:\/\/concertacaoamazonia.com.br\/en\/wp-json\/wp\/v2\/tags?post=39944"},{"taxonomy":"veiculo","embeddable":true,"href":"https:\/\/concertacaoamazonia.com.br\/en\/wp-json\/wp\/v2\/veiculo?post=39944"},{"taxonomy":"ano","embeddable":true,"href":"https:\/\/concertacaoamazonia.com.br\/en\/wp-json\/wp\/v2\/ano?post=39944"},{"taxonomy":"eixos","embeddable":true,"href":"https:\/\/concertacaoamazonia.com.br\/en\/wp-json\/wp\/v2\/eixos?post=39944"}],"curies":[{"name":"wp","href":"https:\/\/api.w.org\/{rel}","templated":true}]}}