{"id":39935,"date":"2023-03-22T17:26:32","date_gmt":"2023-03-22T20:26:32","guid":{"rendered":"https:\/\/concertacaoamazonia.com.br\/?p=39935"},"modified":"2023-03-22T17:26:35","modified_gmt":"2023-03-22T20:26:35","slug":"reforma-tributaria-sera-fundamental-para-area-do-clima-diz-ana-toni","status":"publish","type":"post","link":"https:\/\/concertacaoamazonia.com.br\/en\/2023\/03\/22\/reforma-tributaria-sera-fundamental-para-area-do-clima-diz-ana-toni\/","title":{"rendered":"\u2018Reforma tribut\u00e1ria ser\u00e1 fundamental para \u00e1rea do clima\u2019, diz Ana Toni"},"content":{"rendered":"\n<p>\u201cN\u00e3o h\u00e1 outra maneira de combater a mudan\u00e7a clim\u00e1tica no Brasil sen\u00e3o com justi\u00e7a social\u201d, diz Ana Toni, secret\u00e1ria do clima do MMA<\/p>\n","protected":false},"excerpt":{"rendered":"<p>\u201cN\u00e3o h\u00e1 outra maneira de combater a mudan\u00e7a clim\u00e1tica no Brasil sen\u00e3o com justi\u00e7a social\u201d, diz Ana Toni, secret\u00e1ria do clima do MMA<\/p>\n","protected":false},"author":226,"featured_media":39936,"comment_status":"closed","ping_status":"closed","sticky":false,"template":"","format":"standard","meta":{"footnotes":""},"categories":[28],"tags":[],"veiculo":[1873],"ano":[1902],"eixos":[],"class_list":["post-39935","post","type-post","status-publish","format-standard","has-post-thumbnail","hentry","category-artigo-externo","veiculo-valor-economico-en-2"],"_links":{"self":[{"href":"https:\/\/concertacaoamazonia.com.br\/en\/wp-json\/wp\/v2\/posts\/39935","targetHints":{"allow":["GET"]}}],"collection":[{"href":"https:\/\/concertacaoamazonia.com.br\/en\/wp-json\/wp\/v2\/posts"}],"about":[{"href":"https:\/\/concertacaoamazonia.com.br\/en\/wp-json\/wp\/v2\/types\/post"}],"author":[{"embeddable":true,"href":"https:\/\/concertacaoamazonia.com.br\/en\/wp-json\/wp\/v2\/users\/226"}],"replies":[{"embeddable":true,"href":"https:\/\/concertacaoamazonia.com.br\/en\/wp-json\/wp\/v2\/comments?post=39935"}],"version-history":[{"count":0,"href":"https:\/\/concertacaoamazonia.com.br\/en\/wp-json\/wp\/v2\/posts\/39935\/revisions"}],"wp:featuredmedia":[{"embeddable":true,"href":"https:\/\/concertacaoamazonia.com.br\/en\/wp-json\/wp\/v2\/media\/39936"}],"wp:attachment":[{"href":"https:\/\/concertacaoamazonia.com.br\/en\/wp-json\/wp\/v2\/media?parent=39935"}],"wp:term":[{"taxonomy":"category","embeddable":true,"href":"https:\/\/concertacaoamazonia.com.br\/en\/wp-json\/wp\/v2\/categories?post=39935"},{"taxonomy":"post_tag","embeddable":true,"href":"https:\/\/concertacaoamazonia.com.br\/en\/wp-json\/wp\/v2\/tags?post=39935"},{"taxonomy":"veiculo","embeddable":true,"href":"https:\/\/concertacaoamazonia.com.br\/en\/wp-json\/wp\/v2\/veiculo?post=39935"},{"taxonomy":"ano","embeddable":true,"href":"https:\/\/concertacaoamazonia.com.br\/en\/wp-json\/wp\/v2\/ano?post=39935"},{"taxonomy":"eixos","embeddable":true,"href":"https:\/\/concertacaoamazonia.com.br\/en\/wp-json\/wp\/v2\/eixos?post=39935"}],"curies":[{"name":"wp","href":"https:\/\/api.w.org\/{rel}","templated":true}]}}