{"id":39905,"date":"2023-03-17T13:39:02","date_gmt":"2023-03-17T16:39:02","guid":{"rendered":"https:\/\/concertacaoamazonia.com.br\/?p=39905"},"modified":"2023-03-17T13:39:05","modified_gmt":"2023-03-17T16:39:05","slug":"risco-de-prejuizo-ambiental-e-economico","status":"publish","type":"post","link":"https:\/\/concertacaoamazonia.com.br\/en\/2023\/03\/17\/risco-de-prejuizo-ambiental-e-economico\/","title":{"rendered":"Risco de preju\u00edzo ambiental e econ\u00f4mico"},"content":{"rendered":"\n<p>Diante da tend\u00eancia de que com\u00e9rcio e neg\u00f3cios n\u00e3o sejam feitos \u00e0 custa do clima, oportunidades se movem<\/p>\n","protected":false},"excerpt":{"rendered":"<p> A agenda clim\u00e1tica \u00e9, cada vez mais, uma agenda econ\u00f4mica e de desenvolvimento com impacto na rela\u00e7\u00e3o entre pa\u00edses e elemento norteador da coopera\u00e7\u00e3o internacional. Entre Brasil e Uni\u00e3o Europeia , tr\u00eas instrumentos concebidos em momentos distintos t\u00eam a quest\u00e3o ambiental como elemento central: o acordo comercial Uni\u00e3o Europeia-Mercosul , negociado h\u00e1 20 anos, e duas recentes legisla\u00e7\u00f5es unilaterais ligadas aos esfor\u00e7os europeus pela neutraliza\u00e7\u00e3o de carbono, a Due Diligence e o Carbon Border Adjustment Mechanism (CBAM). <\/p>\n","protected":false},"author":226,"featured_media":39906,"comment_status":"closed","ping_status":"closed","sticky":false,"template":"","format":"standard","meta":{"footnotes":""},"categories":[28],"tags":[],"veiculo":[724],"ano":[1902],"eixos":[],"class_list":["post-39905","post","type-post","status-publish","format-standard","has-post-thumbnail","hentry","category-artigo-externo","veiculo-o-globo"],"_links":{"self":[{"href":"https:\/\/concertacaoamazonia.com.br\/en\/wp-json\/wp\/v2\/posts\/39905","targetHints":{"allow":["GET"]}}],"collection":[{"href":"https:\/\/concertacaoamazonia.com.br\/en\/wp-json\/wp\/v2\/posts"}],"about":[{"href":"https:\/\/concertacaoamazonia.com.br\/en\/wp-json\/wp\/v2\/types\/post"}],"author":[{"embeddable":true,"href":"https:\/\/concertacaoamazonia.com.br\/en\/wp-json\/wp\/v2\/users\/226"}],"replies":[{"embeddable":true,"href":"https:\/\/concertacaoamazonia.com.br\/en\/wp-json\/wp\/v2\/comments?post=39905"}],"version-history":[{"count":0,"href":"https:\/\/concertacaoamazonia.com.br\/en\/wp-json\/wp\/v2\/posts\/39905\/revisions"}],"wp:featuredmedia":[{"embeddable":true,"href":"https:\/\/concertacaoamazonia.com.br\/en\/wp-json\/wp\/v2\/media\/39906"}],"wp:attachment":[{"href":"https:\/\/concertacaoamazonia.com.br\/en\/wp-json\/wp\/v2\/media?parent=39905"}],"wp:term":[{"taxonomy":"category","embeddable":true,"href":"https:\/\/concertacaoamazonia.com.br\/en\/wp-json\/wp\/v2\/categories?post=39905"},{"taxonomy":"post_tag","embeddable":true,"href":"https:\/\/concertacaoamazonia.com.br\/en\/wp-json\/wp\/v2\/tags?post=39905"},{"taxonomy":"veiculo","embeddable":true,"href":"https:\/\/concertacaoamazonia.com.br\/en\/wp-json\/wp\/v2\/veiculo?post=39905"},{"taxonomy":"ano","embeddable":true,"href":"https:\/\/concertacaoamazonia.com.br\/en\/wp-json\/wp\/v2\/ano?post=39905"},{"taxonomy":"eixos","embeddable":true,"href":"https:\/\/concertacaoamazonia.com.br\/en\/wp-json\/wp\/v2\/eixos?post=39905"}],"curies":[{"name":"wp","href":"https:\/\/api.w.org\/{rel}","templated":true}]}}