{"id":39883,"date":"2023-03-15T13:09:44","date_gmt":"2023-03-15T16:09:44","guid":{"rendered":"https:\/\/concertacaoamazonia.com.br\/?p=39883"},"modified":"2023-03-15T13:09:47","modified_gmt":"2023-03-15T16:09:47","slug":"evento-une-agentes-de-bioeconomia-da-amazonia-na-quinta-feira-16-em-manaus","status":"publish","type":"post","link":"https:\/\/concertacaoamazonia.com.br\/en\/2023\/03\/15\/evento-une-agentes-de-bioeconomia-da-amazonia-na-quinta-feira-16-em-manaus\/","title":{"rendered":"Evento une agentes de bioeconomia da Amaz\u00f4nia na quinta-feira (16), em Manaus"},"content":{"rendered":"\n<p>Programa\u00e7\u00e3o tem entrada gratuita e visa contribuir com as pol\u00edticas p\u00fablicas voltadas \u00e0 bioeconomia da regi\u00e3o a partir da intera\u00e7\u00e3o de agendas institucionais.<\/p>\n","protected":false},"excerpt":{"rendered":"<p> A bioeconomia e os agentes ativos desta nova modalidade comercial v\u00e3o estar em foco durante o evento &#8220;Debate de bioeconomia: Consolida\u00e7\u00e3o do Ecossistema de Bioneg\u00f3cios na Amaz\u00f4nia&#8221;, em Manaus . Realizado nesta quinta-feira (16), no Centro de Biotecnologia da Amaz\u00f4nia (CBA) &#8211; localizado no bairro Distrito Industrial -, o evento contar\u00e1 com palestras de especialistas da \u00e1rea a partir das 17h. <\/p>\n","protected":false},"author":226,"featured_media":39884,"comment_status":"closed","ping_status":"closed","sticky":false,"template":"","format":"standard","meta":{"footnotes":""},"categories":[28],"tags":[],"veiculo":[714],"ano":[1902],"eixos":[],"class_list":["post-39883","post","type-post","status-publish","format-standard","has-post-thumbnail","hentry","category-artigo-externo","veiculo-g1"],"_links":{"self":[{"href":"https:\/\/concertacaoamazonia.com.br\/en\/wp-json\/wp\/v2\/posts\/39883","targetHints":{"allow":["GET"]}}],"collection":[{"href":"https:\/\/concertacaoamazonia.com.br\/en\/wp-json\/wp\/v2\/posts"}],"about":[{"href":"https:\/\/concertacaoamazonia.com.br\/en\/wp-json\/wp\/v2\/types\/post"}],"author":[{"embeddable":true,"href":"https:\/\/concertacaoamazonia.com.br\/en\/wp-json\/wp\/v2\/users\/226"}],"replies":[{"embeddable":true,"href":"https:\/\/concertacaoamazonia.com.br\/en\/wp-json\/wp\/v2\/comments?post=39883"}],"version-history":[{"count":0,"href":"https:\/\/concertacaoamazonia.com.br\/en\/wp-json\/wp\/v2\/posts\/39883\/revisions"}],"wp:featuredmedia":[{"embeddable":true,"href":"https:\/\/concertacaoamazonia.com.br\/en\/wp-json\/wp\/v2\/media\/39884"}],"wp:attachment":[{"href":"https:\/\/concertacaoamazonia.com.br\/en\/wp-json\/wp\/v2\/media?parent=39883"}],"wp:term":[{"taxonomy":"category","embeddable":true,"href":"https:\/\/concertacaoamazonia.com.br\/en\/wp-json\/wp\/v2\/categories?post=39883"},{"taxonomy":"post_tag","embeddable":true,"href":"https:\/\/concertacaoamazonia.com.br\/en\/wp-json\/wp\/v2\/tags?post=39883"},{"taxonomy":"veiculo","embeddable":true,"href":"https:\/\/concertacaoamazonia.com.br\/en\/wp-json\/wp\/v2\/veiculo?post=39883"},{"taxonomy":"ano","embeddable":true,"href":"https:\/\/concertacaoamazonia.com.br\/en\/wp-json\/wp\/v2\/ano?post=39883"},{"taxonomy":"eixos","embeddable":true,"href":"https:\/\/concertacaoamazonia.com.br\/en\/wp-json\/wp\/v2\/eixos?post=39883"}],"curies":[{"name":"wp","href":"https:\/\/api.w.org\/{rel}","templated":true}]}}