{"id":39871,"date":"2023-03-15T12:51:14","date_gmt":"2023-03-15T15:51:14","guid":{"rendered":"https:\/\/concertacaoamazonia.com.br\/?p=39871"},"modified":"2023-03-15T12:51:18","modified_gmt":"2023-03-15T15:51:18","slug":"cientista-propoe-pacto-verde-para-salvar-amazonia","status":"publish","type":"post","link":"https:\/\/concertacaoamazonia.com.br\/en\/2023\/03\/15\/cientista-propoe-pacto-verde-para-salvar-amazonia\/","title":{"rendered":"Cientista prop\u00f5e \u2018pacto verde\u2019 para salvar Amaz\u00f4nia"},"content":{"rendered":"\n<p>O Painel Cient\u00edfico da Amaz\u00f4nia promoveu evento em Bel\u00e9m com propostas de intensa restaura\u00e7\u00e3o florestal e morat\u00f3ria de desmatamento e inc\u00eandios no Sul da regi\u00e3o<\/p>\n","protected":false},"excerpt":{"rendered":"<p> \u201cPrecisamos de um \u2018Amazon Green Deal\u2019 para salvar a Amaz\u00f4nia e, assim, salvar o planeta\u201d, diz o climatologista Carlos Nobre, lembrando que estamos \u201c\u00e0s v\u00e9speras do ponto de n\u00e3o retorno\u201d. A partir desse limiar, a floresta est\u00e1 t\u00e3o desmatada e degradada que n\u00e3o consegue mais se regenerar naturalmente. \u201cPrecisamos de uma morat\u00f3ria no desmatamento e nos inc\u00eandios florestais, principalmente no Sul da Amaz\u00f4nia\u201d, segue, enfileirando propostas para um pacto de desenvolvimento sustent\u00e1vel da regi\u00e3o. <\/p>\n","protected":false},"author":226,"featured_media":39872,"comment_status":"closed","ping_status":"closed","sticky":false,"template":"","format":"standard","meta":{"footnotes":""},"categories":[28],"tags":[],"veiculo":[],"ano":[1902],"eixos":[],"class_list":["post-39871","post","type-post","status-publish","format-standard","has-post-thumbnail","hentry","category-artigo-externo"],"_links":{"self":[{"href":"https:\/\/concertacaoamazonia.com.br\/en\/wp-json\/wp\/v2\/posts\/39871","targetHints":{"allow":["GET"]}}],"collection":[{"href":"https:\/\/concertacaoamazonia.com.br\/en\/wp-json\/wp\/v2\/posts"}],"about":[{"href":"https:\/\/concertacaoamazonia.com.br\/en\/wp-json\/wp\/v2\/types\/post"}],"author":[{"embeddable":true,"href":"https:\/\/concertacaoamazonia.com.br\/en\/wp-json\/wp\/v2\/users\/226"}],"replies":[{"embeddable":true,"href":"https:\/\/concertacaoamazonia.com.br\/en\/wp-json\/wp\/v2\/comments?post=39871"}],"version-history":[{"count":0,"href":"https:\/\/concertacaoamazonia.com.br\/en\/wp-json\/wp\/v2\/posts\/39871\/revisions"}],"wp:featuredmedia":[{"embeddable":true,"href":"https:\/\/concertacaoamazonia.com.br\/en\/wp-json\/wp\/v2\/media\/39872"}],"wp:attachment":[{"href":"https:\/\/concertacaoamazonia.com.br\/en\/wp-json\/wp\/v2\/media?parent=39871"}],"wp:term":[{"taxonomy":"category","embeddable":true,"href":"https:\/\/concertacaoamazonia.com.br\/en\/wp-json\/wp\/v2\/categories?post=39871"},{"taxonomy":"post_tag","embeddable":true,"href":"https:\/\/concertacaoamazonia.com.br\/en\/wp-json\/wp\/v2\/tags?post=39871"},{"taxonomy":"veiculo","embeddable":true,"href":"https:\/\/concertacaoamazonia.com.br\/en\/wp-json\/wp\/v2\/veiculo?post=39871"},{"taxonomy":"ano","embeddable":true,"href":"https:\/\/concertacaoamazonia.com.br\/en\/wp-json\/wp\/v2\/ano?post=39871"},{"taxonomy":"eixos","embeddable":true,"href":"https:\/\/concertacaoamazonia.com.br\/en\/wp-json\/wp\/v2\/eixos?post=39871"}],"curies":[{"name":"wp","href":"https:\/\/api.w.org\/{rel}","templated":true}]}}