{"id":39722,"date":"2023-03-07T13:57:04","date_gmt":"2023-03-07T16:57:04","guid":{"rendered":"https:\/\/concertacaoamazonia.com.br\/?p=39722"},"modified":"2023-03-07T15:46:47","modified_gmt":"2023-03-07T18:46:47","slug":"belem-recebe-evento-sobre-sustentabilidade-com-a-presenca-de-cientistas-internacionais","status":"publish","type":"post","link":"https:\/\/concertacaoamazonia.com.br\/en\/2023\/03\/07\/belem-recebe-evento-sobre-sustentabilidade-com-a-presenca-de-cientistas-internacionais\/","title":{"rendered":"Bel\u00e9m recebe evento sobre Sustentabilidade com a presen\u00e7a de Cientistas Internacionais"},"content":{"rendered":"\n<figure class=\"wp-block-table\"><table><tbody><tr><td>Capital paraense tamb\u00e9m j\u00e1 foi anunciada como candidata para a realiza\u00e7\u00e3o da Confer\u00eancia do Clima das Na\u00e7\u00f5es Unidas (COP 30), em 2025<\/td><\/tr><\/tbody><\/table><\/figure>\n","protected":false},"excerpt":{"rendered":"<p>A agenda ambiental tem tomado notoriedade maior no Par\u00e1, na Amaz\u00f4nia, no Brasil e no mundo, seja pela urg\u00eancia clim\u00e1tica mundial, seja pela vasta biodiversidade que existe no Estado que necessita de prote\u00e7\u00e3o. Por isso, para promover o di\u00e1logo entre membros de diferentes setores da sociedade, o Governo do Par\u00e1, por meio da Secretaria de Estado de Meio Ambiente e Sustentabilidade (Semas) e do Painel Cient\u00edfico para a Amaz\u00f4nia (SPA, da sigla em ingl\u00eas) realizar\u00e3o a &#8216;I Confer\u00eancia para uma Amaz\u00f4nia que Queremos&#8217;.<\/p>\n","protected":false},"author":226,"featured_media":27138,"comment_status":"closed","ping_status":"closed","sticky":false,"template":"","format":"standard","meta":{"footnotes":""},"categories":[28],"tags":[],"veiculo":[],"ano":[1902],"eixos":[],"class_list":["post-39722","post","type-post","status-publish","format-standard","has-post-thumbnail","hentry","category-artigo-externo"],"_links":{"self":[{"href":"https:\/\/concertacaoamazonia.com.br\/en\/wp-json\/wp\/v2\/posts\/39722","targetHints":{"allow":["GET"]}}],"collection":[{"href":"https:\/\/concertacaoamazonia.com.br\/en\/wp-json\/wp\/v2\/posts"}],"about":[{"href":"https:\/\/concertacaoamazonia.com.br\/en\/wp-json\/wp\/v2\/types\/post"}],"author":[{"embeddable":true,"href":"https:\/\/concertacaoamazonia.com.br\/en\/wp-json\/wp\/v2\/users\/226"}],"replies":[{"embeddable":true,"href":"https:\/\/concertacaoamazonia.com.br\/en\/wp-json\/wp\/v2\/comments?post=39722"}],"version-history":[{"count":0,"href":"https:\/\/concertacaoamazonia.com.br\/en\/wp-json\/wp\/v2\/posts\/39722\/revisions"}],"wp:featuredmedia":[{"embeddable":true,"href":"https:\/\/concertacaoamazonia.com.br\/en\/wp-json\/wp\/v2\/media\/27138"}],"wp:attachment":[{"href":"https:\/\/concertacaoamazonia.com.br\/en\/wp-json\/wp\/v2\/media?parent=39722"}],"wp:term":[{"taxonomy":"category","embeddable":true,"href":"https:\/\/concertacaoamazonia.com.br\/en\/wp-json\/wp\/v2\/categories?post=39722"},{"taxonomy":"post_tag","embeddable":true,"href":"https:\/\/concertacaoamazonia.com.br\/en\/wp-json\/wp\/v2\/tags?post=39722"},{"taxonomy":"veiculo","embeddable":true,"href":"https:\/\/concertacaoamazonia.com.br\/en\/wp-json\/wp\/v2\/veiculo?post=39722"},{"taxonomy":"ano","embeddable":true,"href":"https:\/\/concertacaoamazonia.com.br\/en\/wp-json\/wp\/v2\/ano?post=39722"},{"taxonomy":"eixos","embeddable":true,"href":"https:\/\/concertacaoamazonia.com.br\/en\/wp-json\/wp\/v2\/eixos?post=39722"}],"curies":[{"name":"wp","href":"https:\/\/api.w.org\/{rel}","templated":true}]}}