{"id":39600,"date":"2023-03-02T18:22:36","date_gmt":"2023-03-02T21:22:36","guid":{"rendered":"https:\/\/concertacaoamazonia.com.br\/?p=39600"},"modified":"2023-03-02T18:22:40","modified_gmt":"2023-03-02T21:22:40","slug":"um-terco-das-pistas-de-pouso-na-amazonia-esta-dentro-de-areas-protegidas-aponta-mapbiomas","status":"publish","type":"post","link":"https:\/\/concertacaoamazonia.com.br\/en\/2023\/03\/02\/um-terco-das-pistas-de-pouso-na-amazonia-esta-dentro-de-areas-protegidas-aponta-mapbiomas\/","title":{"rendered":"Um ter\u00e7o das pistas de pouso na Amaz\u00f4nia est\u00e1 dentro de \u00e1reas protegidas, aponta MapBiomas"},"content":{"rendered":"\n<p>Ao todo, existem 804 pistas de pouso irregulares na Amaz\u00f4nia e mais da metade delas est\u00e1 pr\u00f3xima de regi\u00f5es de garimpo.<\/p>\n","protected":false},"excerpt":{"rendered":"<p>Um levantamento in\u00e9dito feito pelo MapBiomas identificou a presen\u00e7a de 2.869 pistas de pouso dentro da Amaz\u00f4nia. Esse n\u00famero \u00e9 maior do que o dobro registrado na ANAC<\/p>\n","protected":false},"author":226,"featured_media":39601,"comment_status":"closed","ping_status":"closed","sticky":false,"template":"","format":"standard","meta":{"footnotes":""},"categories":[28],"tags":[],"veiculo":[714],"ano":[1902],"eixos":[],"class_list":["post-39600","post","type-post","status-publish","format-standard","has-post-thumbnail","hentry","category-artigo-externo","veiculo-g1"],"_links":{"self":[{"href":"https:\/\/concertacaoamazonia.com.br\/en\/wp-json\/wp\/v2\/posts\/39600","targetHints":{"allow":["GET"]}}],"collection":[{"href":"https:\/\/concertacaoamazonia.com.br\/en\/wp-json\/wp\/v2\/posts"}],"about":[{"href":"https:\/\/concertacaoamazonia.com.br\/en\/wp-json\/wp\/v2\/types\/post"}],"author":[{"embeddable":true,"href":"https:\/\/concertacaoamazonia.com.br\/en\/wp-json\/wp\/v2\/users\/226"}],"replies":[{"embeddable":true,"href":"https:\/\/concertacaoamazonia.com.br\/en\/wp-json\/wp\/v2\/comments?post=39600"}],"version-history":[{"count":0,"href":"https:\/\/concertacaoamazonia.com.br\/en\/wp-json\/wp\/v2\/posts\/39600\/revisions"}],"wp:featuredmedia":[{"embeddable":true,"href":"https:\/\/concertacaoamazonia.com.br\/en\/wp-json\/wp\/v2\/media\/39601"}],"wp:attachment":[{"href":"https:\/\/concertacaoamazonia.com.br\/en\/wp-json\/wp\/v2\/media?parent=39600"}],"wp:term":[{"taxonomy":"category","embeddable":true,"href":"https:\/\/concertacaoamazonia.com.br\/en\/wp-json\/wp\/v2\/categories?post=39600"},{"taxonomy":"post_tag","embeddable":true,"href":"https:\/\/concertacaoamazonia.com.br\/en\/wp-json\/wp\/v2\/tags?post=39600"},{"taxonomy":"veiculo","embeddable":true,"href":"https:\/\/concertacaoamazonia.com.br\/en\/wp-json\/wp\/v2\/veiculo?post=39600"},{"taxonomy":"ano","embeddable":true,"href":"https:\/\/concertacaoamazonia.com.br\/en\/wp-json\/wp\/v2\/ano?post=39600"},{"taxonomy":"eixos","embeddable":true,"href":"https:\/\/concertacaoamazonia.com.br\/en\/wp-json\/wp\/v2\/eixos?post=39600"}],"curies":[{"name":"wp","href":"https:\/\/api.w.org\/{rel}","templated":true}]}}