{"id":39591,"date":"2023-03-02T18:02:12","date_gmt":"2023-03-02T21:02:12","guid":{"rendered":"https:\/\/concertacaoamazonia.com.br\/?p=39591"},"modified":"2023-03-02T18:02:16","modified_gmt":"2023-03-02T21:02:16","slug":"nunca-mais-um-brasil-sem-nos","status":"publish","type":"post","link":"https:\/\/concertacaoamazonia.com.br\/en\/2023\/03\/02\/nunca-mais-um-brasil-sem-nos\/","title":{"rendered":"Nunca mais um Brasil sem n\u00f3s"},"content":{"rendered":"\n<p><strong><em>Para que a agenda indigenista perdure, as conquistas in\u00e9ditas no campo institucional<\/em><\/strong>\u00a0<strong><em>ter\u00e3o de ser acompanhadas por um sentimento de orgulho pela sociedade brasileira. O crescente protagonismo ind\u00edgena, em especial o feminino, envolve essencialmente um debate sobre a identidade do Pa\u00eds, a valoriza\u00e7\u00e3o da diversidade, e o reconhecimento da ancestralidade como passo para um Brasil melhor no futuro<\/em><\/strong><\/p>\n","protected":false},"excerpt":{"rendered":"<p>A cria\u00e7\u00e3o do primeiro minist\u00e9rio dedicado aos povos ind\u00edgenas exemplifica o patamar in\u00e9dito que essa agenda alcan\u00e7ou no Brasil, lan\u00e7ando bases para corrigir injusti\u00e7as hist\u00f3ricas e impulsionar um novo modelo de desenvolvimento com prote\u00e7\u00e3o do clima, da biodiversidade e dos modos de vida dos povos da floresta. Mas o protagonismo desses povos n\u00e3o ser\u00e1 garantido somente por ritos institucionais e pol\u00edticas p\u00fablicas: ser\u00e1 preciso tamb\u00e9m que a sociedade como um todo reconhe\u00e7a a import\u00e2ncia dessa agenda, valorize-a e se orgulhe dela. Para perdurar, a pauta indigenista ter\u00e1, antes de tudo, que se apoderar da narrativa, historicamente dominada pelo passado colonizador.<\/p>\n","protected":false},"author":226,"featured_media":39592,"comment_status":"closed","ping_status":"closed","sticky":false,"template":"","format":"standard","meta":{"footnotes":""},"categories":[28],"tags":[],"veiculo":[1872],"ano":[1902],"eixos":[],"class_list":["post-39591","post","type-post","status-publish","format-standard","has-post-thumbnail","hentry","category-artigo-externo","veiculo-pagina-22-en-2"],"_links":{"self":[{"href":"https:\/\/concertacaoamazonia.com.br\/en\/wp-json\/wp\/v2\/posts\/39591","targetHints":{"allow":["GET"]}}],"collection":[{"href":"https:\/\/concertacaoamazonia.com.br\/en\/wp-json\/wp\/v2\/posts"}],"about":[{"href":"https:\/\/concertacaoamazonia.com.br\/en\/wp-json\/wp\/v2\/types\/post"}],"author":[{"embeddable":true,"href":"https:\/\/concertacaoamazonia.com.br\/en\/wp-json\/wp\/v2\/users\/226"}],"replies":[{"embeddable":true,"href":"https:\/\/concertacaoamazonia.com.br\/en\/wp-json\/wp\/v2\/comments?post=39591"}],"version-history":[{"count":0,"href":"https:\/\/concertacaoamazonia.com.br\/en\/wp-json\/wp\/v2\/posts\/39591\/revisions"}],"wp:featuredmedia":[{"embeddable":true,"href":"https:\/\/concertacaoamazonia.com.br\/en\/wp-json\/wp\/v2\/media\/39592"}],"wp:attachment":[{"href":"https:\/\/concertacaoamazonia.com.br\/en\/wp-json\/wp\/v2\/media?parent=39591"}],"wp:term":[{"taxonomy":"category","embeddable":true,"href":"https:\/\/concertacaoamazonia.com.br\/en\/wp-json\/wp\/v2\/categories?post=39591"},{"taxonomy":"post_tag","embeddable":true,"href":"https:\/\/concertacaoamazonia.com.br\/en\/wp-json\/wp\/v2\/tags?post=39591"},{"taxonomy":"veiculo","embeddable":true,"href":"https:\/\/concertacaoamazonia.com.br\/en\/wp-json\/wp\/v2\/veiculo?post=39591"},{"taxonomy":"ano","embeddable":true,"href":"https:\/\/concertacaoamazonia.com.br\/en\/wp-json\/wp\/v2\/ano?post=39591"},{"taxonomy":"eixos","embeddable":true,"href":"https:\/\/concertacaoamazonia.com.br\/en\/wp-json\/wp\/v2\/eixos?post=39591"}],"curies":[{"name":"wp","href":"https:\/\/api.w.org\/{rel}","templated":true}]}}